{"id":5053,"date":"2024-08-23T10:27:27","date_gmt":"2024-08-23T13:27:27","guid":{"rendered":"https:\/\/defiendase.com\/?p=5053"},"modified":"2024-08-23T10:27:29","modified_gmt":"2024-08-23T13:27:29","slug":"no-hay-plata-milei-veta-la-reforma-jubilatoria","status":"publish","type":"post","link":"https:\/\/defiendase.com\/index.php\/no-hay-plata-milei-veta-la-reforma-jubilatoria\/","title":{"rendered":"\u00abNo hay plata\u00bb: Milei veta la reforma jubilatoria"},"content":{"rendered":"\n<p>\u00abEs una irresponsabilidad del Congreso\u00bb. Con esa frase Javier Milei anticip\u00f3 que vetar\u00e1 el proyecto que aprob\u00f3 el Senado y que actualiza la f\u00f3rmula de movilidad jubilatoria con aumentos anuales adicionales pero no prev\u00e9 ninguna fuente de financiamiento. Adem\u00e1s, la iniciativa aprobada le da un plazo de 6 meses, prorrogable por 6 meses m\u00e1s, a la Anses para que pague la totalidad de las deudas que tiene con las provincias y con los jubilados que ganaron juicios.<\/p>\n\n\n\n<p>En el plano pol\u00edtico fue un duro rev\u00e9s parlamentario para el Gobierno porque para aprobar la propuesta se unieron los bloques de Uni\u00f3n por la Patria, la UCR y el PRO y el resultado de la votaci\u00f3n fue apabullante: 61 votos contra 9. La ley, que no tiene chances de ser promulgada, establece que la actualizaci\u00f3n mensual de las jubilaciones se haga en base a la inflaci\u00f3n, pero incluye un plus anual de aumento y establece un piso de haberes calculado en base a la Canasta B\u00e1sica Total. Todo esto genera en lo inmediato un aumento retroactivo del 7,2% en todas las jubilaciones.<\/p>\n\n\n\n<p>Una vez terminada la votaci\u00f3n y ya con el proyecto aprobado, desde la Casa Rosada emitieron un comunicado en el que adelantaban el veto y demonizaban a los legisladores que aprobaron la iniciativa. \u00abEl Presidente Javier Milei, tal cual se comprometi\u00f3 con los argentinos, vetar\u00e1 el proyecto aprobado hoy por el Congreso de la Naci\u00f3n que tiene como \u00fanico objetivo destruir el programa econ\u00f3mico del Gobierno\u00bb, dice el texto. Y agrega: \u00abEl Congreso Nacional, en un acto de populismo demag\u00f3gico, sancion\u00f3 un proyecto de ley irresponsable, ilegal e inconstitucional que establece gastos exorbitantes sin su correspondiente partida presupuestaria, lo que implicar\u00eda necesariamente que el Gobierno vuelva a caer en las viejas pr\u00e1cticas de la emisi\u00f3n monetaria, el aumento de impuestos, o el endeudamiento, que son las mismas recetas que nos han llevado al fracaso durante los \u00faltimos 100 a\u00f1os\u00bb. Y para cerrar apunta a todos los bloques que dieron su apoyo a la medida: \u00abTenemos plena conciencia de que la clase pol\u00edtica quiere forzar al Gobierno a oponerse a esta medida demag\u00f3gica para anotarse una victoria pol\u00edtica, pero como el Presidente de la Naci\u00f3n ha dicho en innumerables oportunidades, nosotros preferimos decir una verdad inc\u00f3moda a una mentira confortable\u00bb.<\/p>\n\n\n\n<p>El presidente ya hab\u00eda anticipado que vetar\u00e1 todos los proyectos que pongan en riesgo la meta de d\u00e9ficit fiscal cero. Por eso, durante la sesi\u00f3n, los negociadores oficialistas buscaron a toda costa modificar partes del proyecto para que la iniciativa vuelva a Diputados. B\u00e1sicamente desde la Casa Rosada consideraban inadmisibles tres puntos: Una actualizaci\u00f3n prevista para marzo de cada a\u00f1o con una base del 50% de la variaci\u00f3n del RIPTE (Remuneraci\u00f3n Imponible Promedio de los Trabajadores Estatales) y un 50% del IPC; un piso de 1,09 veces la Canasta B\u00e1sica Total para todos los haberes y un plus adicional de aumento del 8,1% para empatarle a la inflaci\u00f3n de enero, que fue del 20,6%.<\/p>\n\n\n\n<p>Seg\u00fan el Gobierno, la nueva ley aprobada implica un gasto adicional del 1,2% del PBI y obligar\u00eda al Estado a contraer deuda.<\/p>\n\n\n\n<p>El que sorpresivamente apoy\u00f3 el veto, a\u00fan en contra de lo que votaron los senadores de su propio partido, fue Mauricio Macri que sostuvo que \u00abno se puede discutir la necesidad del equilibrio fiscal\u00bb.<\/p>\n\n\n\n<p>As\u00ed las cosas, los jubilados tendr\u00e1n que seguir esperando y conformarse con los aumentos y los bonos que, a grageas, da el Gobierno mes a mes.<\/p>\n\n\n\n<p><\/p>\n","protected":false},"excerpt":{"rendered":"<p>\u00abEs una irresponsabilidad del Congreso\u00bb. Con esa frase Javier Milei anticip\u00f3 que vetar\u00e1 el proyecto<\/p>\n","protected":false},"author":4,"featured_media":5054,"comment_status":"open","ping_status":"open","sticky":false,"template":"","format":"standard","meta":{"om_disable_all_campaigns":false,"_monsterinsights_skip_tracking":false,"_monsterinsights_sitenote_active":false,"_monsterinsights_sitenote_note":"","_monsterinsights_sitenote_category":0},"categories":[2],"tags":[],"aioseo_notices":[],"jetpack_featured_media_url":"https:\/\/defiendase.com\/wp-content\/uploads\/2024\/08\/image-2.png","post_mailing_queue_ids":[],"_links":{"self":[{"href":"https:\/\/defiendase.com\/index.php\/wp-json\/wp\/v2\/posts\/5053"}],"collection":[{"href":"https:\/\/defiendase.com\/index.php\/wp-json\/wp\/v2\/posts"}],"about":[{"href":"https:\/\/defiendase.com\/index.php\/wp-json\/wp\/v2\/types\/post"}],"author":[{"embeddable":true,"href":"https:\/\/defiendase.com\/index.php\/wp-json\/wp\/v2\/users\/4"}],"replies":[{"embeddable":true,"href":"https:\/\/defiendase.com\/index.php\/wp-json\/wp\/v2\/comments?post=5053"}],"version-history":[{"count":1,"href":"https:\/\/defiendase.com\/index.php\/wp-json\/wp\/v2\/posts\/5053\/revisions"}],"predecessor-version":[{"id":5055,"href":"https:\/\/defiendase.com\/index.php\/wp-json\/wp\/v2\/posts\/5053\/revisions\/5055"}],"wp:featuredmedia":[{"embeddable":true,"href":"https:\/\/defiendase.com\/index.php\/wp-json\/wp\/v2\/media\/5054"}],"wp:attachment":[{"href":"https:\/\/defiendase.com\/index.php\/wp-json\/wp\/v2\/media?parent=5053"}],"wp:term":[{"taxonomy":"category","embeddable":true,"href":"https:\/\/defiendase.com\/index.php\/wp-json\/wp\/v2\/categories?post=5053"},{"taxonomy":"post_tag","embeddable":true,"href":"https:\/\/defiendase.com\/index.php\/wp-json\/wp\/v2\/tags?post=5053"}],"curies":[{"name":"wp","href":"https:\/\/api.w.org\/{rel}","templated":true}]}}