{"id":5048,"date":"2024-08-23T09:15:04","date_gmt":"2024-08-23T12:15:04","guid":{"rendered":"https:\/\/defiendase.com\/?p=5048"},"modified":"2024-08-23T09:18:07","modified_gmt":"2024-08-23T12:18:07","slug":"declaro-la-exsecretaria-presidencial-me-sorprendieron-muchisimo-los-golpes","status":"publish","type":"post","link":"https:\/\/defiendase.com\/index.php\/declaro-la-exsecretaria-presidencial-me-sorprendieron-muchisimo-los-golpes\/","title":{"rendered":"Declar\u00f3 la exsecretaria presidencial: \u00abMe sorprendieron much\u00edsimo los golpes\u00bb"},"content":{"rendered":"\n<p>La causa por la denuncia de Fabiola Ya\u00f1ez contra Alberto Fern\u00e1ndez por violencia de g\u00e9nero tuvo sus primeras declaraciones testimoniales fuertes. Mar\u00eda Cantero, la exsecretaria del expresidente, reconoci\u00f3 ante el fiscal Ramiro Gonz\u00e1lez que la entonces primera dama le mand\u00f3 fotos con moretones en ojos y brazos y le confes\u00f3 que \u201csufr\u00eda golpes peri\u00f3dicamente\u201d.<\/p>\n\n\n\n<p>Durante m\u00e1s de 3 horas, la mujer cont\u00f3 que conoce a Fern\u00e1ndez hace m\u00e1s de 35 a\u00f1os y que siempre tuvo una relaci\u00f3n \u201cde confianza y amistad\u201d con \u00e9l, aunque reconoci\u00f3 que con Fabiola ten\u00eda \u201cpoca relaci\u00f3n\u201d y solo se comunicaban \u201cpor whatsapp\u201d.<\/p>\n\n\n\n<p>Cantero admiti\u00f3 que Ya\u00f1ez le mand\u00f3 a su \u201ctel\u00e9fono de siempre\u201d las fotos de los supuestos golpes de Fern\u00e1ndez \u201cque salieron en todos los medios\u201d\u00a0 y que esas im\u00e1genes la \u201csorprendieron much\u00edsimo\u201d.<\/p>\n\n\n\n<p>Seg\u00fan su relato, esos mensajes \u201cfueron justo un a\u00f1o despu\u00e9s de la fiesta de Olivos\u201d en plena pandemia&nbsp; y por eso los pudo ubicar temporalmente.<\/p>\n\n\n\n<p>La ex secretaria presidencial detall\u00f3 que Fabiola le hablaba de los golpes y le cont\u00f3 que hab\u00edan discutido con Fern\u00e1ndez \u201cpor los mensajes que le mandaba una amiga\u201d, que ser\u00eda Sof\u00eda Pacchi.<\/p>\n\n\n\n<p>Otra de las que declar\u00f3 ante el fiscal fue la periodista Alicia Barrios, que dijo que desde que tuvo a su beb\u00e9 a Ya\u00f1ez&nbsp; \u201cno se la ve\u00eda m\u00e1s\u201d y reconoci\u00f3 que la percib\u00eda \u201cagobiada\u201d y v\u00edctima de \u201cun maltrato emocional y psicol\u00f3gico\u201d.<\/p>\n\n\n\n<p>Los pr\u00f3ximos en declarar ser\u00e1n del ex intendente de la Quinta de Olivos, Daniel Rodriguez, que comparecer ante el fiscal el lunes 26 y el ex m\u00e9dico presidencial Federico Saavedra, que est\u00e1 citado para el 5 de septiembre.<\/p>\n\n\n\n<p><\/p>\n","protected":false},"excerpt":{"rendered":"<p>La causa por la denuncia de Fabiola Ya\u00f1ez contra Alberto Fern\u00e1ndez por violencia de g\u00e9nero<\/p>\n","protected":false},"author":4,"featured_media":5050,"comment_status":"open","ping_status":"open","sticky":false,"template":"","format":"standard","meta":{"om_disable_all_campaigns":false,"_monsterinsights_skip_tracking":false,"_monsterinsights_sitenote_active":false,"_monsterinsights_sitenote_note":"","_monsterinsights_sitenote_category":0},"categories":[16],"tags":[],"aioseo_notices":[],"jetpack_featured_media_url":"https:\/\/defiendase.com\/wp-content\/uploads\/2024\/08\/Imagen-de-WhatsApp-2024-08-22-a-las-22.56.54_c063a495.jpg","post_mailing_queue_ids":[],"_links":{"self":[{"href":"https:\/\/defiendase.com\/index.php\/wp-json\/wp\/v2\/posts\/5048"}],"collection":[{"href":"https:\/\/defiendase.com\/index.php\/wp-json\/wp\/v2\/posts"}],"about":[{"href":"https:\/\/defiendase.com\/index.php\/wp-json\/wp\/v2\/types\/post"}],"author":[{"embeddable":true,"href":"https:\/\/defiendase.com\/index.php\/wp-json\/wp\/v2\/users\/4"}],"replies":[{"embeddable":true,"href":"https:\/\/defiendase.com\/index.php\/wp-json\/wp\/v2\/comments?post=5048"}],"version-history":[{"count":2,"href":"https:\/\/defiendase.com\/index.php\/wp-json\/wp\/v2\/posts\/5048\/revisions"}],"predecessor-version":[{"id":5052,"href":"https:\/\/defiendase.com\/index.php\/wp-json\/wp\/v2\/posts\/5048\/revisions\/5052"}],"wp:featuredmedia":[{"embeddable":true,"href":"https:\/\/defiendase.com\/index.php\/wp-json\/wp\/v2\/media\/5050"}],"wp:attachment":[{"href":"https:\/\/defiendase.com\/index.php\/wp-json\/wp\/v2\/media?parent=5048"}],"wp:term":[{"taxonomy":"category","embeddable":true,"href":"https:\/\/defiendase.com\/index.php\/wp-json\/wp\/v2\/categories?post=5048"},{"taxonomy":"post_tag","embeddable":true,"href":"https:\/\/defiendase.com\/index.php\/wp-json\/wp\/v2\/tags?post=5048"}],"curies":[{"name":"wp","href":"https:\/\/api.w.org\/{rel}","templated":true}]}}