{"id":5042,"date":"2024-08-20T13:58:00","date_gmt":"2024-08-20T16:58:00","guid":{"rendered":"https:\/\/defiendase.com\/?p=5042"},"modified":"2024-08-20T13:58:03","modified_gmt":"2024-08-20T16:58:03","slug":"docentes-sin-impuesto-a-las-ganancias","status":"publish","type":"post","link":"https:\/\/defiendase.com\/index.php\/docentes-sin-impuesto-a-las-ganancias\/","title":{"rendered":"\u00bfDocentes sin impuesto a las ganancias?"},"content":{"rendered":"\n<p>La justicia dict\u00f3 una cautelar a trav\u00e9s de la cual suspendi\u00f3 la aplicaci\u00f3n del impuesto a las Ganancias a los docentes nucleados en el gremio de Ctera. La jueza Mirta Gonz\u00e1lez Burbridge le dio 5 d\u00edas al Gobierno para que responda y as\u00ed definir si es constitucional o no.<\/p>\n\n\n\n<p>Fue despu\u00e9s de un planteo del sindicato, que sostiene que la restituci\u00f3n de Ganancias contenida en la Ley Bases viola la Constituci\u00f3n nacional porque \u00abes una evidente lesi\u00f3n al derecho de propiedad, al de igualdad y a los principios de igual remuneraci\u00f3n por igual tarea\u00bb.<\/p>\n\n\n\n<p>Este reclamo no es el \u00fanico por parte de los sindicatos. Los bancarios, los trabajadores de Industrias de la Alimentaci\u00f3n y los de Dragado y Balizamiento tambi\u00e9n hicieron presentaciones ante la justicia para suspender la aplicaci\u00f3n del impuesto.<\/p>\n\n\n\n<p>En su presentaci\u00f3n, Ctera tambi\u00e9n advirti\u00f3 que la restituci\u00f3n de la cuarta categor\u00eda del Impuesto a las Ganancias no tuvo ni siquiera el aval del Congreso porque no fue aprobada por el Senado y volvi\u00f3 a Diputados, donde se obtuvo dictamen para votar la redacci\u00f3n original del proyecto de Ley Bases, algo que fue objetado por varios constitucionalistas.&nbsp;<\/p>\n\n\n\n<p>En su resoluci\u00f3n,la jueza consider\u00f3 que la aplicaci\u00f3n de Ganancias \u00abpone en peligro la supervivencia de los involucrados como consecuencia de la retenci\u00f3n objetada y en su caso, del grupo familiar que de los mismos dependan, todo ello en contraposici\u00f3n con el resguardo de la dignidad humana del sujeto trabajador y de los derechos humanos fundamentales expresamente protegidos por las disposiciones del art. 14 bis de la Constituci\u00f3n Nacional\u00bb.<\/p>\n\n\n\n<p>Desde Ctera festejaron el apoyo judicial a su reclamo y sostuvieron que \u00ab\u201cel fallo es de suma importancia, porque es el primero sobre este tema planteado por una organizaci\u00f3n sindical que abarca a las y los trabajadores de la educaci\u00f3n\u00bb.<\/p>\n\n\n\n<p>Ahora ser\u00e1 el turno del Gobierno, que ya prepara su respuesta ante la justicia.&nbsp;<\/p>\n","protected":false},"excerpt":{"rendered":"<p>La justicia dict\u00f3 una cautelar a trav\u00e9s de la cual suspendi\u00f3 la aplicaci\u00f3n del impuesto<\/p>\n","protected":false},"author":4,"featured_media":5043,"comment_status":"open","ping_status":"open","sticky":false,"template":"","format":"standard","meta":{"om_disable_all_campaigns":false,"_monsterinsights_skip_tracking":false,"_monsterinsights_sitenote_active":false,"_monsterinsights_sitenote_note":"","_monsterinsights_sitenote_category":0},"categories":[1],"tags":[],"aioseo_notices":[],"jetpack_featured_media_url":"https:\/\/defiendase.com\/wp-content\/uploads\/2024\/08\/ctera.webp","post_mailing_queue_ids":[],"_links":{"self":[{"href":"https:\/\/defiendase.com\/index.php\/wp-json\/wp\/v2\/posts\/5042"}],"collection":[{"href":"https:\/\/defiendase.com\/index.php\/wp-json\/wp\/v2\/posts"}],"about":[{"href":"https:\/\/defiendase.com\/index.php\/wp-json\/wp\/v2\/types\/post"}],"author":[{"embeddable":true,"href":"https:\/\/defiendase.com\/index.php\/wp-json\/wp\/v2\/users\/4"}],"replies":[{"embeddable":true,"href":"https:\/\/defiendase.com\/index.php\/wp-json\/wp\/v2\/comments?post=5042"}],"version-history":[{"count":1,"href":"https:\/\/defiendase.com\/index.php\/wp-json\/wp\/v2\/posts\/5042\/revisions"}],"predecessor-version":[{"id":5044,"href":"https:\/\/defiendase.com\/index.php\/wp-json\/wp\/v2\/posts\/5042\/revisions\/5044"}],"wp:featuredmedia":[{"embeddable":true,"href":"https:\/\/defiendase.com\/index.php\/wp-json\/wp\/v2\/media\/5043"}],"wp:attachment":[{"href":"https:\/\/defiendase.com\/index.php\/wp-json\/wp\/v2\/media?parent=5042"}],"wp:term":[{"taxonomy":"category","embeddable":true,"href":"https:\/\/defiendase.com\/index.php\/wp-json\/wp\/v2\/categories?post=5042"},{"taxonomy":"post_tag","embeddable":true,"href":"https:\/\/defiendase.com\/index.php\/wp-json\/wp\/v2\/tags?post=5042"}],"curies":[{"name":"wp","href":"https:\/\/api.w.org\/{rel}","templated":true}]}}