{"id":5031,"date":"2024-08-19T16:04:11","date_gmt":"2024-08-19T19:04:11","guid":{"rendered":"https:\/\/defiendase.com\/?p=5031"},"modified":"2024-08-19T16:27:26","modified_gmt":"2024-08-19T19:27:26","slug":"primer-fallo-de-fondo-contra-el-aumento-de-las-prepagas","status":"publish","type":"post","link":"https:\/\/defiendase.com\/index.php\/primer-fallo-de-fondo-contra-el-aumento-de-las-prepagas\/","title":{"rendered":"Primer fallo de fondo contra el aumento de las prepagas"},"content":{"rendered":"\n<p>La C\u00e1mara Federal de Paran\u00e1 declar\u00f3 inconstitucional la desregulaci\u00f3n de los precios de las prepagas que estaba incluida en el mega DNU que firm\u00f3 Javier Milei a d\u00edas de asumir la presidencia. Se trata del primer fallo de fondo contra la liberaci\u00f3n de las tarifas de medicina privada.<\/p>\n\n\n\n<p>La decisi\u00f3n judicial fue a ra\u00edz de la demanda de un afiliado de la empresa Osde por los reiterados aumentos. Sin embargo, desde la Superintendencia de Servicios de Salud aclararon que el fallo s\u00f3lo se aplica a un caso puntual y \u201cno tiene efecto derogatorio de la norma\u201d.<\/p>\n\n\n\n<p>El abogado especialista en Justicia Constitucional y director del Instituto de Finanzas y Derecho Tributario del Colegio de Abogados de San Mart\u00edn, Manuel Luaces, consider\u00f3 positiva la resoluci\u00f3n de la C\u00e1mara. \u00abEl fallo judicial que declar\u00f3 inconstitucional la desregulaci\u00f3n de las prepagas, deja en claro que el &#8216;acuerdo&#8217; entre el Gobierno nacional de Javier Milei y las empresas al que arribaron era ilegal y tiene que revisarse en favor de los seis millones de afiliados perjudicados\u00bb, dijo.<\/p>\n\n\n\n<p>Y explic\u00f3 que \u00abcon la declaraci\u00f3n de inconstitucionalidad del Decreto 70\/23, la Superintendencia de Servicios de Salud (SSS) debe&nbsp; recobrar su legitimidad para autorizar el aumento de las cuotas cuando el mismo est\u00e9 fundado en variaciones de la estructura de costos y razonable c\u00e1lculo actuarial de riesgos\u00bb.<\/p>\n\n\n\n<p>Adem\u00e1s, Luaces cuestion\u00f3 la interpretaci\u00f3n de la Superintendencia de Servicios de Salud, que limita la aplicaci\u00f3n del fallo s\u00f3lo al demandante, y sostuvo que \u00abel efecto de un reclamo colectivo se extiende sobre todas las personas que est\u00e9n comprendidos en el colectivo, en este caso todos los afiliados de OSDE adheridos al reclamo. Adem\u00e1s &#8211; agreg\u00f3- servir\u00e1 como antecedente para el reclamo de los dos millones de afiliados de esa prepaga\u00bb.<\/p>\n\n\n\n<p>Por \u00faltimo, el abogado aclar\u00f3 que \u00abninguna declaraci\u00f3n de inconstitucionalidad tiene efecto derogatorio\u201d. Pero advirti\u00f3 que \u201cel fallo de la C\u00e1mara de Apelaciones, a trav\u00e9s de una decisi\u00f3n fundamentada y detallada, determin\u00f3 que el Presidente Milei viol\u00f3 la Constituci\u00f3n al reformar el marco normativo de las prepagas por v\u00eda de decreto cuando debi\u00f3 actuar el Congreso\u00bb.<\/p>\n\n\n\n<figure class=\"wp-block-image size-full\"><img loading=\"lazy\" width=\"790\" height=\"428\" src=\"https:\/\/defiendase.com\/wp-content\/uploads\/2024\/08\/fallo-prepaga.webp\" alt=\"\" class=\"wp-image-5032\" srcset=\"https:\/\/defiendase.com\/wp-content\/uploads\/2024\/08\/fallo-prepaga.webp 790w, https:\/\/defiendase.com\/wp-content\/uploads\/2024\/08\/fallo-prepaga-300x163.webp 300w, https:\/\/defiendase.com\/wp-content\/uploads\/2024\/08\/fallo-prepaga-768x416.webp 768w, https:\/\/defiendase.com\/wp-content\/uploads\/2024\/08\/fallo-prepaga-600x325.webp 600w\" sizes=\"(max-width: 790px) 100vw, 790px\" \/><\/figure>\n","protected":false},"excerpt":{"rendered":"<p>La C\u00e1mara Federal de Paran\u00e1 declar\u00f3 inconstitucional la desregulaci\u00f3n de los precios de las prepagas<\/p>\n","protected":false},"author":4,"featured_media":5032,"comment_status":"open","ping_status":"open","sticky":false,"template":"","format":"standard","meta":{"om_disable_all_campaigns":false,"_monsterinsights_skip_tracking":false,"_monsterinsights_sitenote_active":false,"_monsterinsights_sitenote_note":"","_monsterinsights_sitenote_category":0},"categories":[17],"tags":[],"aioseo_notices":[],"jetpack_featured_media_url":"https:\/\/defiendase.com\/wp-content\/uploads\/2024\/08\/fallo-prepaga.webp","post_mailing_queue_ids":[],"_links":{"self":[{"href":"https:\/\/defiendase.com\/index.php\/wp-json\/wp\/v2\/posts\/5031"}],"collection":[{"href":"https:\/\/defiendase.com\/index.php\/wp-json\/wp\/v2\/posts"}],"about":[{"href":"https:\/\/defiendase.com\/index.php\/wp-json\/wp\/v2\/types\/post"}],"author":[{"embeddable":true,"href":"https:\/\/defiendase.com\/index.php\/wp-json\/wp\/v2\/users\/4"}],"replies":[{"embeddable":true,"href":"https:\/\/defiendase.com\/index.php\/wp-json\/wp\/v2\/comments?post=5031"}],"version-history":[{"count":2,"href":"https:\/\/defiendase.com\/index.php\/wp-json\/wp\/v2\/posts\/5031\/revisions"}],"predecessor-version":[{"id":5035,"href":"https:\/\/defiendase.com\/index.php\/wp-json\/wp\/v2\/posts\/5031\/revisions\/5035"}],"wp:featuredmedia":[{"embeddable":true,"href":"https:\/\/defiendase.com\/index.php\/wp-json\/wp\/v2\/media\/5032"}],"wp:attachment":[{"href":"https:\/\/defiendase.com\/index.php\/wp-json\/wp\/v2\/media?parent=5031"}],"wp:term":[{"taxonomy":"category","embeddable":true,"href":"https:\/\/defiendase.com\/index.php\/wp-json\/wp\/v2\/categories?post=5031"},{"taxonomy":"post_tag","embeddable":true,"href":"https:\/\/defiendase.com\/index.php\/wp-json\/wp\/v2\/tags?post=5031"}],"curies":[{"name":"wp","href":"https:\/\/api.w.org\/{rel}","templated":true}]}}