{"id":4998,"date":"2024-08-15T15:04:25","date_gmt":"2024-08-15T18:04:25","guid":{"rendered":"https:\/\/defiendase.com\/?p=4998"},"modified":"2024-08-15T15:04:28","modified_gmt":"2024-08-15T18:04:28","slug":"la-corte-frena-indemnizaciones-desproporcionadas","status":"publish","type":"post","link":"https:\/\/defiendase.com\/index.php\/la-corte-frena-indemnizaciones-desproporcionadas\/","title":{"rendered":"La Corte frena indemnizaciones \u00abDesproporcionadas\u00bb"},"content":{"rendered":"\n<p><\/p>\n\n\n\n<figure class=\"wp-block-image\"><img\/><\/figure>\n\n\n\n<p>La Corte Suprema emiti\u00f3 dos fallos con fuertes se\u00f1ales a la C\u00e1mara del Trabajo sobre la aplicaci\u00f3n de intereses en las indemnizaciones.<\/p>\n\n\n\n<p>En el primer caso, redujo una indemnizaci\u00f3n que hab\u00eda subido un 20 mil por ciento a causa de la aplicaci\u00f3n de distintos intereses y, en el segundo, anul\u00f3 una multa de 53 sueldos aplicada a una empresa que hab\u00eda despedido a un empleado que s\u00f3lo hab\u00eda trabajado 20 meses.<\/p>\n\n\n\n<p>Estas decisiones del m\u00e1ximo tribunal reafirman el camino abierto con el fallo Oliva, en el que se prohibi\u00f3 la aplicaci\u00f3n de intereses sobre intereses en una compensaci\u00f3n por despido, algo que hab\u00eda sido habilitado por la C\u00e1mara del Trabajo.<\/p>\n\n\n\n<p>En el primer caso de estos nuevos fallos, la Corte anul\u00f3 la sentencia que habilitaba el pago de un resarcimiento de 137 millones de pesos por un despido cuando en primera instancia la condena era por 687.735 pesos. A ese monto, la C\u00e1mara del Trabajo le hab\u00eda ordenado sumar accesorios que multiplicaban desproporcionadamente la suma inicial.<\/p>\n\n\n\n<p>En el segundo caso, se revoc\u00f3 una sentencia que ordenaba el pago de 53 salarios como multa por retenci\u00f3n de aportes a un trabajador que s\u00f3lo hab\u00eda desempe\u00f1ado tareas durante un a\u00f1o y ocho meses. La suma de los aportes adeudados era de 11.400 pesos y la sanci\u00f3n establecida por la C\u00e1mara ascend\u00eda a 194.775 pesos.<\/p>\n\n\n\n<p>De esta manera, el m\u00e1ximo tribunal le pone freno a las resoluciones de la C\u00e1mara, que en muchas de sus salas cuenta con jueces afines al sindicalismo y sobre todo, con fluidos contactos con los l\u00edderes de la CGT.<\/p>\n","protected":false},"excerpt":{"rendered":"<p>La Corte Suprema emiti\u00f3 dos fallos con fuertes se\u00f1ales a la C\u00e1mara del Trabajo sobre<\/p>\n","protected":false},"author":4,"featured_media":4999,"comment_status":"open","ping_status":"open","sticky":false,"template":"","format":"standard","meta":{"om_disable_all_campaigns":false,"_monsterinsights_skip_tracking":false,"_monsterinsights_sitenote_active":false,"_monsterinsights_sitenote_note":"","_monsterinsights_sitenote_category":0},"categories":[16],"tags":[],"aioseo_notices":[],"jetpack_featured_media_url":"https:\/\/defiendase.com\/wp-content\/uploads\/2024\/08\/cortesup.jpg","post_mailing_queue_ids":[],"_links":{"self":[{"href":"https:\/\/defiendase.com\/index.php\/wp-json\/wp\/v2\/posts\/4998"}],"collection":[{"href":"https:\/\/defiendase.com\/index.php\/wp-json\/wp\/v2\/posts"}],"about":[{"href":"https:\/\/defiendase.com\/index.php\/wp-json\/wp\/v2\/types\/post"}],"author":[{"embeddable":true,"href":"https:\/\/defiendase.com\/index.php\/wp-json\/wp\/v2\/users\/4"}],"replies":[{"embeddable":true,"href":"https:\/\/defiendase.com\/index.php\/wp-json\/wp\/v2\/comments?post=4998"}],"version-history":[{"count":1,"href":"https:\/\/defiendase.com\/index.php\/wp-json\/wp\/v2\/posts\/4998\/revisions"}],"predecessor-version":[{"id":5000,"href":"https:\/\/defiendase.com\/index.php\/wp-json\/wp\/v2\/posts\/4998\/revisions\/5000"}],"wp:featuredmedia":[{"embeddable":true,"href":"https:\/\/defiendase.com\/index.php\/wp-json\/wp\/v2\/media\/4999"}],"wp:attachment":[{"href":"https:\/\/defiendase.com\/index.php\/wp-json\/wp\/v2\/media?parent=4998"}],"wp:term":[{"taxonomy":"category","embeddable":true,"href":"https:\/\/defiendase.com\/index.php\/wp-json\/wp\/v2\/categories?post=4998"},{"taxonomy":"post_tag","embeddable":true,"href":"https:\/\/defiendase.com\/index.php\/wp-json\/wp\/v2\/tags?post=4998"}],"curies":[{"name":"wp","href":"https:\/\/api.w.org\/{rel}","templated":true}]}}