{"id":4977,"date":"2024-08-09T15:51:58","date_gmt":"2024-08-09T18:51:58","guid":{"rendered":"https:\/\/defiendase.com\/?p=4977"},"modified":"2024-08-09T15:52:01","modified_gmt":"2024-08-09T18:52:01","slug":"las-pruebas-de-la-violencia","status":"publish","type":"post","link":"https:\/\/defiendase.com\/index.php\/las-pruebas-de-la-violencia\/","title":{"rendered":"Las pruebas de la violencia"},"content":{"rendered":"\n<p>Despu\u00e9s de la denuncia por violencia de g\u00e9nero que sacudi\u00f3 al arco pol\u00edtico ahora salieron a la luz las fotos de Fabiola Ya\u00f1ez con el ojo en compota y moretones en el brazo, producto de los supuestos golpes del expresidente Alberto Fern\u00e1ndez cuando conviv\u00edan en la Quinta de Olivos.&nbsp;<\/p>\n\n\n\n<p>Estas im\u00e1genes forman parte de la prueba en la denuncia judicial y estaban en el celular de la exsecretaria de Fern\u00e1ndez, Mar\u00eda Cantero. Adem\u00e1s, de las fotos, hay un chat entre el entonces presidente y Fabiola en el que ella le escribe: \u00abEsto no funciona as\u00ed, todo el tiempo me golpe\u00e1s. Es ins\u00f3lito. No puedo dejar que me hagas esto cuando yo no te hice nada. Y todo lo que trato de hacer con la mente centrada es defenderte y vos me golpe\u00e1s f\u00edsicamente. No hay explicaci\u00f3n\u00bb. Alberto Fern\u00e1ndez le responde repetidamente que se siente mal f\u00edsicamente y le pide que vaya a verlo.&nbsp;<\/p>\n\n\n\n<p>En paralelo, tambi\u00e9n sali\u00f3 a la luz un video de Fern\u00e1ndez con la medi\u00e1tica Tamara Pettinato en el despacho presidencial de la Casa Rosada en la \u00e9poca de la cuarentena. La filmaci\u00f3n est\u00e1 hecha por el propio mandatario, que grab\u00f3 a Pettinato tomando cerveza en el sill\u00f3n presidencial. All\u00ed \u00e9l le ped\u00eda que le dijera \u00abcosas lindas\u00bb. Ella, visiblemente borracha y entre risas, contestaba: \u00abEstamos brindando porque hoy estamos cortando una relaci\u00f3n de amistad de hace muchos a\u00f1os\u00bb. Y agregaba: \u00abYo te quiero un mont\u00f3n y siempre te voy a querer y nunca m\u00e1s te voy a votar\u00bb. Al final, cerraba el video dici\u00e9ndole a Fern\u00e1ndez \u00abTe amo\u00bb.&nbsp;<\/p>\n\n\n\n<p>La grabaci\u00f3n est\u00e1 en un viejo tel\u00e9fono de Fernandez, que usaba su hijo Francisco para ver Youtube. Y fue descubierta de casualidad por su madre Fabiola.<\/p>\n\n\n\n<p>Tanto las fotos como el video provocaron una fuerte reacci\u00f3n del mundo pol\u00edtico. Tanto desde la oposici\u00f3n como desde el propio peronismo repudiaron al ex presidente, que definitivamente transita en estos momentos su hora m\u00e1s oscura. &nbsp;<\/p>\n","protected":false},"excerpt":{"rendered":"<p>Despu\u00e9s de la denuncia por violencia de g\u00e9nero que sacudi\u00f3 al arco pol\u00edtico ahora salieron<\/p>\n","protected":false},"author":4,"featured_media":0,"comment_status":"open","ping_status":"open","sticky":false,"template":"","format":"standard","meta":{"om_disable_all_campaigns":false,"_monsterinsights_skip_tracking":false,"_monsterinsights_sitenote_active":false,"_monsterinsights_sitenote_note":"","_monsterinsights_sitenote_category":0},"categories":[1],"tags":[],"aioseo_notices":[],"jetpack_featured_media_url":"","post_mailing_queue_ids":[],"_links":{"self":[{"href":"https:\/\/defiendase.com\/index.php\/wp-json\/wp\/v2\/posts\/4977"}],"collection":[{"href":"https:\/\/defiendase.com\/index.php\/wp-json\/wp\/v2\/posts"}],"about":[{"href":"https:\/\/defiendase.com\/index.php\/wp-json\/wp\/v2\/types\/post"}],"author":[{"embeddable":true,"href":"https:\/\/defiendase.com\/index.php\/wp-json\/wp\/v2\/users\/4"}],"replies":[{"embeddable":true,"href":"https:\/\/defiendase.com\/index.php\/wp-json\/wp\/v2\/comments?post=4977"}],"version-history":[{"count":1,"href":"https:\/\/defiendase.com\/index.php\/wp-json\/wp\/v2\/posts\/4977\/revisions"}],"predecessor-version":[{"id":4980,"href":"https:\/\/defiendase.com\/index.php\/wp-json\/wp\/v2\/posts\/4977\/revisions\/4980"}],"wp:attachment":[{"href":"https:\/\/defiendase.com\/index.php\/wp-json\/wp\/v2\/media?parent=4977"}],"wp:term":[{"taxonomy":"category","embeddable":true,"href":"https:\/\/defiendase.com\/index.php\/wp-json\/wp\/v2\/categories?post=4977"},{"taxonomy":"post_tag","embeddable":true,"href":"https:\/\/defiendase.com\/index.php\/wp-json\/wp\/v2\/tags?post=4977"}],"curies":[{"name":"wp","href":"https:\/\/api.w.org\/{rel}","templated":true}]}}