{"id":4936,"date":"2024-07-30T16:09:25","date_gmt":"2024-07-30T19:09:25","guid":{"rendered":"https:\/\/defiendase.com\/?p=4936"},"modified":"2024-07-30T16:25:56","modified_gmt":"2024-07-30T19:25:56","slug":"ninguna-diplomacia-con-el-impuesto-a-las-ganancias","status":"publish","type":"post","link":"https:\/\/defiendase.com\/index.php\/ninguna-diplomacia-con-el-impuesto-a-las-ganancias\/","title":{"rendered":"Ninguna diplomacia con el impuesto a las ganancias"},"content":{"rendered":"\n<p>Finalmente, la Asociaci\u00f3n Profesional del Cuerpo Permanente del Servicio Exterior de la Naci\u00f3n present\u00f3 un amparo ante la justicia para que no se aplique el Impuesto a las Ganancias al plus que reciben en d\u00f3lares los diplom\u00e1ticos que est\u00e1n en el exterior.<\/p>\n\n\n\n<p>Se trata de un adicional que ahora, con la reforma del impuesto, pas\u00f3 a estar incorporado en los haberes que suman la base imponible para calcular los descuentos y que, al ser en d\u00f3lares, potencia mucho m\u00e1s las retenciones.<\/p>\n\n\n\n<p>Seg\u00fan el escrito que present\u00f3 Ricardo Gil Lavedra, abogado del gremio de los diplom\u00e1ticos, la decisi\u00f3n es \u00abileg\u00edtima, arbitraria y flagrante&nbsp; y no encuentra ning\u00fan fundamento en la ley del impuesto a las ganancias que reglamenta, la que mantuvo en la materia los mismos principios que se aplican desde hace d\u00e9cadas para autorizar la deducci\u00f3n\u00bb. Agreg\u00f3 adem\u00e1s que la modificaci\u00f3n \u00abse introdujo de manera solapada bajo el pretexto general de &#8216;adecuar&#8217; la reglamentaci\u00f3n de la ley y &#8216;brindar precisiones&#8217; sobre las medidas instauradas\u00bb.<\/p>\n\n\n\n<p>El amparo sostiene que la medida impulsada por el gobierno\u00a0 \u00abviola el estado diplom\u00e1tico establecido por la norma federal y tambi\u00e9n el derecho a percibir las retribuciones en concepto de compensaci\u00f3n por gastos de vivienda adecuada, subsidio familiar y escolaridad de los hijos, conforme a las exigencias que determinen los pa\u00edses de destino\u00bb. Por eso pide que se dicte una medida cautelar de no innovar y que no se aplique el impuesto a las ganancias sobre \u00abel adicional por costo de vida\u00bb.<\/p>\n\n\n\n<p><br><br><\/p>\n","protected":false},"excerpt":{"rendered":"<p>Finalmente, la Asociaci\u00f3n Profesional del Cuerpo Permanente del Servicio Exterior de la Naci\u00f3n present\u00f3 un<\/p>\n","protected":false},"author":4,"featured_media":4939,"comment_status":"open","ping_status":"open","sticky":false,"template":"","format":"standard","meta":{"om_disable_all_campaigns":false,"_monsterinsights_skip_tracking":false,"_monsterinsights_sitenote_active":false,"_monsterinsights_sitenote_note":"","_monsterinsights_sitenote_category":0},"categories":[263],"tags":[],"aioseo_notices":[],"jetpack_featured_media_url":"https:\/\/defiendase.com\/wp-content\/uploads\/2024\/07\/image-3.png","post_mailing_queue_ids":[],"_links":{"self":[{"href":"https:\/\/defiendase.com\/index.php\/wp-json\/wp\/v2\/posts\/4936"}],"collection":[{"href":"https:\/\/defiendase.com\/index.php\/wp-json\/wp\/v2\/posts"}],"about":[{"href":"https:\/\/defiendase.com\/index.php\/wp-json\/wp\/v2\/types\/post"}],"author":[{"embeddable":true,"href":"https:\/\/defiendase.com\/index.php\/wp-json\/wp\/v2\/users\/4"}],"replies":[{"embeddable":true,"href":"https:\/\/defiendase.com\/index.php\/wp-json\/wp\/v2\/comments?post=4936"}],"version-history":[{"count":2,"href":"https:\/\/defiendase.com\/index.php\/wp-json\/wp\/v2\/posts\/4936\/revisions"}],"predecessor-version":[{"id":4941,"href":"https:\/\/defiendase.com\/index.php\/wp-json\/wp\/v2\/posts\/4936\/revisions\/4941"}],"wp:featuredmedia":[{"embeddable":true,"href":"https:\/\/defiendase.com\/index.php\/wp-json\/wp\/v2\/media\/4939"}],"wp:attachment":[{"href":"https:\/\/defiendase.com\/index.php\/wp-json\/wp\/v2\/media?parent=4936"}],"wp:term":[{"taxonomy":"category","embeddable":true,"href":"https:\/\/defiendase.com\/index.php\/wp-json\/wp\/v2\/categories?post=4936"},{"taxonomy":"post_tag","embeddable":true,"href":"https:\/\/defiendase.com\/index.php\/wp-json\/wp\/v2\/tags?post=4936"}],"curies":[{"name":"wp","href":"https:\/\/api.w.org\/{rel}","templated":true}]}}