{"id":4933,"date":"2024-07-29T16:49:01","date_gmt":"2024-07-29T19:49:01","guid":{"rendered":"https:\/\/defiendase.com\/?p=4933"},"modified":"2024-07-29T17:10:37","modified_gmt":"2024-07-29T20:10:37","slug":"dias-clave-tras-la-feria-la-condena-contra-cristina","status":"publish","type":"post","link":"https:\/\/defiendase.com\/index.php\/dias-clave-tras-la-feria-la-condena-contra-cristina\/","title":{"rendered":"D\u00edas clave tras la feria: La condena contra Cristina"},"content":{"rendered":"\n<p>Termin\u00f3 la feria judicial y la C\u00e1mara de Casaci\u00f3n Penal debe definir si agrava la condena a 6 a\u00f1os de c\u00e1rcel contra Cristina Kirchner por fraude al Estado. La ex presidenta fue encontrada culpable de redireccionar al menos 51 licitaciones de la obra p\u00fablica en Santa Cruz para favorecer a L\u00e1zaro B\u00e1ez.<\/p>\n\n\n\n<p>Despu\u00e9s de escuchar al fiscal Mariano Villar y a las defensas de los acusados a lo largo de 6 audiencias, los jueces Gustavo Hornos, Mariano Borinsky y Diego Barroetave\u00f1a deben revisar la sentencia y decidir si revocan el fallo, lo confirman o lo modifican.<\/p>\n\n\n\n<p>En su exposici\u00f3n, el fiscal Villar pidi\u00f3 elevar a 12 a\u00f1os la condena no solo por fraude al Estado sino tambi\u00e9n como jefa de una asociaci\u00f3n il\u00edcita. Y puso como argumento la repetici\u00f3n de la maniobra m\u00e1s de 50 veces. \u00abEs como si una persona robara las cuatro ruedas de un auto, una por d\u00eda, y lo condenaran por un solo robo. No es razonable que un delito de corrupci\u00f3n merezca esta pena. Es sentido com\u00fan, es sentido de justicia. Es muy extra\u00f1o. Se le saca la asociaci\u00f3n il\u00edcita, cuando la escala penal permit\u00eda una pena razonable\u00bb, explic\u00f3.<\/p>\n\n\n\n<p>La elevaci\u00f3n de la pena a 12 a\u00f1os va en sinton\u00eda con lo que pidi\u00f3 el fiscal del juicio oral, Diego Luciani. Los jueces de Casaci\u00f3n deber\u00e1n resolver en los pr\u00f3ximos d\u00edas y no dilatar demasiado su posici\u00f3n. Si bien tiene m\u00e1s de 70 a\u00f1os y cumplir\u00eda prisi\u00f3n domiciliaria, Cristina no qued\u00f3 presa porque la sentencia no est\u00e1 firme. Para que eso suceda, se debe esperar el fallo de Casaci\u00f3n y despu\u00e9s la decisi\u00f3n de la Corte Suprema.<\/p>\n","protected":false},"excerpt":{"rendered":"<p>Termin\u00f3 la feria judicial y la C\u00e1mara de Casaci\u00f3n Penal debe definir si agrava la<\/p>\n","protected":false},"author":4,"featured_media":4934,"comment_status":"open","ping_status":"open","sticky":false,"template":"","format":"standard","meta":{"om_disable_all_campaigns":false,"_monsterinsights_skip_tracking":false,"_monsterinsights_sitenote_active":false,"_monsterinsights_sitenote_note":"","_monsterinsights_sitenote_category":0},"categories":[263],"tags":[],"aioseo_notices":[],"jetpack_featured_media_url":"https:\/\/defiendase.com\/wp-content\/uploads\/2024\/07\/CRISTINA-2.jpg","post_mailing_queue_ids":[],"_links":{"self":[{"href":"https:\/\/defiendase.com\/index.php\/wp-json\/wp\/v2\/posts\/4933"}],"collection":[{"href":"https:\/\/defiendase.com\/index.php\/wp-json\/wp\/v2\/posts"}],"about":[{"href":"https:\/\/defiendase.com\/index.php\/wp-json\/wp\/v2\/types\/post"}],"author":[{"embeddable":true,"href":"https:\/\/defiendase.com\/index.php\/wp-json\/wp\/v2\/users\/4"}],"replies":[{"embeddable":true,"href":"https:\/\/defiendase.com\/index.php\/wp-json\/wp\/v2\/comments?post=4933"}],"version-history":[{"count":1,"href":"https:\/\/defiendase.com\/index.php\/wp-json\/wp\/v2\/posts\/4933\/revisions"}],"predecessor-version":[{"id":4935,"href":"https:\/\/defiendase.com\/index.php\/wp-json\/wp\/v2\/posts\/4933\/revisions\/4935"}],"wp:featuredmedia":[{"embeddable":true,"href":"https:\/\/defiendase.com\/index.php\/wp-json\/wp\/v2\/media\/4934"}],"wp:attachment":[{"href":"https:\/\/defiendase.com\/index.php\/wp-json\/wp\/v2\/media?parent=4933"}],"wp:term":[{"taxonomy":"category","embeddable":true,"href":"https:\/\/defiendase.com\/index.php\/wp-json\/wp\/v2\/categories?post=4933"},{"taxonomy":"post_tag","embeddable":true,"href":"https:\/\/defiendase.com\/index.php\/wp-json\/wp\/v2\/tags?post=4933"}],"curies":[{"name":"wp","href":"https:\/\/api.w.org\/{rel}","templated":true}]}}