{"id":4893,"date":"2024-07-17T15:58:58","date_gmt":"2024-07-17T18:58:58","guid":{"rendered":"https:\/\/defiendase.com\/?p=4893"},"modified":"2024-07-17T15:59:01","modified_gmt":"2024-07-17T18:59:01","slug":"vacantes-en-la-corte-buscan-votar-los-pliegos-de-lijo-y-garcia-mansilla-en-septiembre","status":"publish","type":"post","link":"https:\/\/defiendase.com\/index.php\/vacantes-en-la-corte-buscan-votar-los-pliegos-de-lijo-y-garcia-mansilla-en-septiembre\/","title":{"rendered":"Vacantes en la Corte: Buscan votar los pliegos de Lijo y Garc\u00eda Mansilla en septiembre"},"content":{"rendered":"\n<p>El Gobierno apura en el Senado acuerdos para destrabar el tratamiento de los pliegos de Ariel Lijo y Manuel Garc\u00eda Mansilla para la Corte Suprema. La comisi\u00f3n de acuerdos de la C\u00e1mara alta recibir\u00e1 el 21 de agosto a Lijo&nbsp; y el 28 de agosto a Garc\u00eda Mansilla. Apuntan a que el debate pueda darse en septiembre y a lograr la mayor\u00eda necesaria para que la C\u00e1mara Alta apruebe las designaciones.<\/p>\n\n\n\n<p>Sin embargo, las negociaciones no son f\u00e1ciles. En primer t\u00e9rmino porque tienen que tener el apoyo de Uni\u00f3n por la Patria, bloque que en el Senado responde directamente a Cristina Kirchner. Y por otro lado, porque Lijo tiene una resistencia inesperada por parte de la vicepresidenta Victoria Villarruel, que seg\u00fan se dice en off, no le perdona su desempe\u00f1o en la causa del asesinato del sindicalista Jos\u00e9 Rucci. De todas maneras en la Casa Rosada descuentan que Villarruel no pondr\u00e1 demasiadas trabas a la hora del debate, aunque no est\u00e9 de acuerdo con la designaci\u00f3n.<\/p>\n\n\n\n<p>Otro de los bloques complicados para convencer es el del PRO, sobre todo despu\u00e9s de las nuevas rispideces que hubo en la relaci\u00f3n entre Macri y Milei por el reclamo de los fondos de coparticipaci\u00f3n para la ciudad y por el \u00abdestrato\u00bb que sufri\u00f3 el ex presidente, seg\u00fan dicen en su partido, durante la firma de Pacto de Mayo, en la cual fue fr\u00edamente recibido por el libertario.<\/p>\n\n\n\n<p>Recordemos que para aprobar el pliego de los jueces para la Corte se necesitan dos tercios de los votos del Senado, es decir un acuerdo amplio, algo que por ahora a la administraci\u00f3n de Milei le cuesta bastante.<\/p>\n\n\n\n<p>Por \u00faltimo, permanece latente la idea de ampliar la Corte con un n\u00famero mayor de jueces, una iniciativa que por ahora no se discutir\u00e1 y que ya tuvo el rechazo p\u00fablico de algunos de los actuales integrantes del m\u00e1ximo tribunal.&nbsp;<\/p>\n\n\n\n<p><\/p>\n","protected":false},"excerpt":{"rendered":"<p>El Gobierno apura en el Senado acuerdos para destrabar el tratamiento de los pliegos de<\/p>\n","protected":false},"author":4,"featured_media":4894,"comment_status":"open","ping_status":"open","sticky":false,"template":"","format":"standard","meta":{"om_disable_all_campaigns":false,"_monsterinsights_skip_tracking":false,"_monsterinsights_sitenote_active":false,"_monsterinsights_sitenote_note":"","_monsterinsights_sitenote_category":0},"categories":[16],"tags":[],"aioseo_notices":[],"jetpack_featured_media_url":"https:\/\/defiendase.com\/wp-content\/uploads\/2024\/07\/WhatsApp-Image-2024-07-17-at-14.46.14.jpeg","post_mailing_queue_ids":[],"_links":{"self":[{"href":"https:\/\/defiendase.com\/index.php\/wp-json\/wp\/v2\/posts\/4893"}],"collection":[{"href":"https:\/\/defiendase.com\/index.php\/wp-json\/wp\/v2\/posts"}],"about":[{"href":"https:\/\/defiendase.com\/index.php\/wp-json\/wp\/v2\/types\/post"}],"author":[{"embeddable":true,"href":"https:\/\/defiendase.com\/index.php\/wp-json\/wp\/v2\/users\/4"}],"replies":[{"embeddable":true,"href":"https:\/\/defiendase.com\/index.php\/wp-json\/wp\/v2\/comments?post=4893"}],"version-history":[{"count":1,"href":"https:\/\/defiendase.com\/index.php\/wp-json\/wp\/v2\/posts\/4893\/revisions"}],"predecessor-version":[{"id":4895,"href":"https:\/\/defiendase.com\/index.php\/wp-json\/wp\/v2\/posts\/4893\/revisions\/4895"}],"wp:featuredmedia":[{"embeddable":true,"href":"https:\/\/defiendase.com\/index.php\/wp-json\/wp\/v2\/media\/4894"}],"wp:attachment":[{"href":"https:\/\/defiendase.com\/index.php\/wp-json\/wp\/v2\/media?parent=4893"}],"wp:term":[{"taxonomy":"category","embeddable":true,"href":"https:\/\/defiendase.com\/index.php\/wp-json\/wp\/v2\/categories?post=4893"},{"taxonomy":"post_tag","embeddable":true,"href":"https:\/\/defiendase.com\/index.php\/wp-json\/wp\/v2\/tags?post=4893"}],"curies":[{"name":"wp","href":"https:\/\/api.w.org\/{rel}","templated":true}]}}