{"id":4887,"date":"2024-07-11T16:40:12","date_gmt":"2024-07-11T19:40:12","guid":{"rendered":"https:\/\/defiendase.com\/?p=4887"},"modified":"2024-07-11T16:40:16","modified_gmt":"2024-07-11T19:40:16","slug":"el-gobierno-cierra-136-registros-del-automotor-y-el-gremio-amenaza-con-fuertes-medidas-de-fuerza","status":"publish","type":"post","link":"https:\/\/defiendase.com\/index.php\/el-gobierno-cierra-136-registros-del-automotor-y-el-gremio-amenaza-con-fuertes-medidas-de-fuerza\/","title":{"rendered":"El gobierno cierra 136 registros del automotor y el gremio amenaza con fuertes medidas de fuerza"},"content":{"rendered":"\n<p>El Gobierno nacional empez\u00f3 a cumplir con el anuncio de dar de baja decenas de Registros del Automotor y oficializ\u00f3 en el Bolet\u00edn Oficial el cierre de 136 dependencias. Adem\u00e1s fren\u00f3 la apertura de otros 12.<\/p>\n\n\n\n<p>Seg\u00fan explicaron desde el Ministerio de Justicia, esto&nbsp; busca agilizar y hacer menos costosas las transferencias y advirtieron que se trata de \u00abuna primera etapa de la reestructuraci\u00f3n del sistema\u00bb.<\/p>\n\n\n\n<p>\u00abLa medida que se propugna materializa la voluntad de promover el cierre de Registros Seccionales intervenidos en pos de la reducci\u00f3n de la Administraci\u00f3n P\u00fablica Nacional, en el marco de las pol\u00edticas p\u00fablicas que viene llevando a cabo el Estado Nacional\u00bb, dice la resoluci\u00f3n, que agrega que la iniciativa \u00abobedece en principio a la necesidad de reorganizar la estructura de los Registros Seccionales en raz\u00f3n de que existen distintas jurisdicciones territoriales en las que, existiendo Encargados Titulares de Registros Seccionales en sus distintas competencias, al mismo tiempo esos funcionarios revisten el car\u00e1cter de Interventor de uno o dos de los Registros Seccionales de las restantes competencias\u00bb .<\/p>\n\n\n\n<p>Esto gener\u00f3 la inmediata respuesta de los sindicalistas del sector que convocaron a una asamblea para este viernes y plantean la posibilidad de ir a un lockout, que puede poner en crisis todo el sistema<\/p>\n\n\n\n<p>En mayo el Gobierno hab\u00eda informado que se cerrar\u00eda el 40% de los 1554 registros del automotor del pa\u00eds y se reducir\u00eda el 30% del personal.<\/p>\n\n\n\n<figure class=\"wp-block-image size-full\"><img loading=\"lazy\" width=\"755\" height=\"419\" src=\"https:\/\/defiendase.com\/wp-content\/uploads\/2024\/07\/image-1.png\" alt=\"\" class=\"wp-image-4888\" srcset=\"https:\/\/defiendase.com\/wp-content\/uploads\/2024\/07\/image-1.png 755w, https:\/\/defiendase.com\/wp-content\/uploads\/2024\/07\/image-1-300x166.png 300w, https:\/\/defiendase.com\/wp-content\/uploads\/2024\/07\/image-1-600x333.png 600w\" sizes=\"(max-width: 755px) 100vw, 755px\" \/><\/figure>\n\n\n\n<figure class=\"wp-block-image\"><img alt=\"\"\/><\/figure>\n\n\n\n<figure class=\"wp-block-image\"><img alt=\"\"\/><\/figure>\n","protected":false},"excerpt":{"rendered":"<p>El Gobierno nacional empez\u00f3 a cumplir con el anuncio de dar de baja decenas de<\/p>\n","protected":false},"author":4,"featured_media":4888,"comment_status":"open","ping_status":"open","sticky":false,"template":"","format":"standard","meta":{"om_disable_all_campaigns":false,"_monsterinsights_skip_tracking":false,"_monsterinsights_sitenote_active":false,"_monsterinsights_sitenote_note":"","_monsterinsights_sitenote_category":0},"categories":[10],"tags":[],"aioseo_notices":[],"jetpack_featured_media_url":"https:\/\/defiendase.com\/wp-content\/uploads\/2024\/07\/image-1.png","post_mailing_queue_ids":[],"_links":{"self":[{"href":"https:\/\/defiendase.com\/index.php\/wp-json\/wp\/v2\/posts\/4887"}],"collection":[{"href":"https:\/\/defiendase.com\/index.php\/wp-json\/wp\/v2\/posts"}],"about":[{"href":"https:\/\/defiendase.com\/index.php\/wp-json\/wp\/v2\/types\/post"}],"author":[{"embeddable":true,"href":"https:\/\/defiendase.com\/index.php\/wp-json\/wp\/v2\/users\/4"}],"replies":[{"embeddable":true,"href":"https:\/\/defiendase.com\/index.php\/wp-json\/wp\/v2\/comments?post=4887"}],"version-history":[{"count":1,"href":"https:\/\/defiendase.com\/index.php\/wp-json\/wp\/v2\/posts\/4887\/revisions"}],"predecessor-version":[{"id":4889,"href":"https:\/\/defiendase.com\/index.php\/wp-json\/wp\/v2\/posts\/4887\/revisions\/4889"}],"wp:featuredmedia":[{"embeddable":true,"href":"https:\/\/defiendase.com\/index.php\/wp-json\/wp\/v2\/media\/4888"}],"wp:attachment":[{"href":"https:\/\/defiendase.com\/index.php\/wp-json\/wp\/v2\/media?parent=4887"}],"wp:term":[{"taxonomy":"category","embeddable":true,"href":"https:\/\/defiendase.com\/index.php\/wp-json\/wp\/v2\/categories?post=4887"},{"taxonomy":"post_tag","embeddable":true,"href":"https:\/\/defiendase.com\/index.php\/wp-json\/wp\/v2\/tags?post=4887"}],"curies":[{"name":"wp","href":"https:\/\/api.w.org\/{rel}","templated":true}]}}