{"id":4883,"date":"2024-07-11T15:56:37","date_gmt":"2024-07-11T18:56:37","guid":{"rendered":"https:\/\/defiendase.com\/?p=4883"},"modified":"2024-07-11T15:56:40","modified_gmt":"2024-07-11T18:56:40","slug":"impulsan-el-juicio-en-ausencia-para-juzgar-a-los-autores-del-atentado-contra-la-amia","status":"publish","type":"post","link":"https:\/\/defiendase.com\/index.php\/impulsan-el-juicio-en-ausencia-para-juzgar-a-los-autores-del-atentado-contra-la-amia\/","title":{"rendered":"Impulsan el juicio en ausencia para juzgar a los autores del atentado contra la AMIA"},"content":{"rendered":"\n<p>El Gobierno present\u00f3 el proyecto de Juicio en Ausencia, con el cual buscar\u00e1 juzgar y condenar a los responsables del atentado a la AMIA en 1994 aunque no est\u00e9n presentes.<\/p>\n\n\n\n<p>Seg\u00fan el texto que ahora debe debatir y aprobar el Congreso, este recurso s\u00f3lo podr\u00e1 usarse contra los imputados que sean declarados rebeldes por la justicia y que lleven m\u00e1s de 4 meses pr\u00f3fugos. Tambi\u00e9n ser\u00e1 aplicable para casos en los que el pa\u00eds de origen de los acusados haya denegado el pedido de extradici\u00f3n por parte de la Argentina.<\/p>\n\n\n\n<p>En cuanto a los hechos que podr\u00e1n juzgarse, seg\u00fan la iniciativa, el juicio en ausencia s\u00f3lo podr\u00eda ser aplicado en los delitos previstos por el Estatuto de Roma, como genocidios o delitos de lesa humanidad, los delitos sobre desaparici\u00f3n forzada de personas, los delitos establecidos en la Convenci\u00f3n contra la tortura y otros delitos graves como el financiamiento del terrorismo o la trata de personas.<\/p>\n\n\n\n<p>El caso de la AMIA se encuadra en ese marco porque en abril, la C\u00e1mara de Casaci\u00f3n Penal hab\u00eda resuelto que el atentado fue un crimen de lesa humanidad cuyo responsable fue la organizaci\u00f3n terrorista Hezbollah, que respond\u00eda a un \u00abdesignio pol\u00edtico y estrat\u00e9gico\u00bb de Ir\u00e1n. En ese momento, la C\u00e1mara habilit\u00f3 a las v\u00edctimas y a los familiares a que demanden al Estado Isl\u00e1mico de Ir\u00e1n a la vez que sugiri\u00f3 que Argentina como naci\u00f3n tambi\u00e9n podr\u00eda presentar una demanda en la ONU.<\/p>\n\n\n\n<p>\u00abVamos a promover este debate al Congreso, con nuevas fuerzas, con la Constituci\u00f3n y la ley en la mano. El sufrimiento de las v\u00edctimas y la sociedad lo demandan. Es nuestra responsabilidad. Espero que los senadores y diputados reaccionen y nos acompa\u00f1en\u00bb, dijo el Ministro de Justicia Mariano C\u00faneo Libarona.<\/p>\n\n\n\n<p>Su par de Seguridad, Patricia Bullrich, agreg\u00f3: \u00abEl cambio que se est\u00e1 haciendo en la justicia es muy profundo. Pone a nuestro gobierno en la vanguardia en materia criminal y de justicia. Quienes voten este proyecto tendr\u00e1n la consciencia de no ser parte de la impunidad. El derecho siempre est\u00e1 vivo, crece con la necesidades de la sociedad y esta es una respuesta del Presidente a la sociedad que siente que todos los d\u00edas hay impunidad, como lo siente hoy en Corrientes. Tratamos de llenar este vac\u00edo\u00bb.<\/p>\n","protected":false},"excerpt":{"rendered":"<p>El Gobierno present\u00f3 el proyecto de Juicio en Ausencia, con el cual buscar\u00e1 juzgar y<\/p>\n","protected":false},"author":4,"featured_media":4884,"comment_status":"open","ping_status":"open","sticky":false,"template":"","format":"standard","meta":{"om_disable_all_campaigns":false,"_monsterinsights_skip_tracking":false,"_monsterinsights_sitenote_active":false,"_monsterinsights_sitenote_note":"","_monsterinsights_sitenote_category":0},"categories":[1],"tags":[],"aioseo_notices":[],"jetpack_featured_media_url":"https:\/\/defiendase.com\/wp-content\/uploads\/2024\/07\/amia1.jpg","post_mailing_queue_ids":[],"_links":{"self":[{"href":"https:\/\/defiendase.com\/index.php\/wp-json\/wp\/v2\/posts\/4883"}],"collection":[{"href":"https:\/\/defiendase.com\/index.php\/wp-json\/wp\/v2\/posts"}],"about":[{"href":"https:\/\/defiendase.com\/index.php\/wp-json\/wp\/v2\/types\/post"}],"author":[{"embeddable":true,"href":"https:\/\/defiendase.com\/index.php\/wp-json\/wp\/v2\/users\/4"}],"replies":[{"embeddable":true,"href":"https:\/\/defiendase.com\/index.php\/wp-json\/wp\/v2\/comments?post=4883"}],"version-history":[{"count":1,"href":"https:\/\/defiendase.com\/index.php\/wp-json\/wp\/v2\/posts\/4883\/revisions"}],"predecessor-version":[{"id":4885,"href":"https:\/\/defiendase.com\/index.php\/wp-json\/wp\/v2\/posts\/4883\/revisions\/4885"}],"wp:featuredmedia":[{"embeddable":true,"href":"https:\/\/defiendase.com\/index.php\/wp-json\/wp\/v2\/media\/4884"}],"wp:attachment":[{"href":"https:\/\/defiendase.com\/index.php\/wp-json\/wp\/v2\/media?parent=4883"}],"wp:term":[{"taxonomy":"category","embeddable":true,"href":"https:\/\/defiendase.com\/index.php\/wp-json\/wp\/v2\/categories?post=4883"},{"taxonomy":"post_tag","embeddable":true,"href":"https:\/\/defiendase.com\/index.php\/wp-json\/wp\/v2\/tags?post=4883"}],"curies":[{"name":"wp","href":"https:\/\/api.w.org\/{rel}","templated":true}]}}