{"id":4879,"date":"2024-07-10T12:16:47","date_gmt":"2024-07-10T15:16:47","guid":{"rendered":"https:\/\/defiendase.com\/?p=4879"},"modified":"2024-07-10T12:16:51","modified_gmt":"2024-07-10T15:16:51","slug":"jubilados-pagaran-juicios-por-reajustes-pero-por-ahora-no-retroactivos","status":"publish","type":"post","link":"https:\/\/defiendase.com\/index.php\/jubilados-pagaran-juicios-por-reajustes-pero-por-ahora-no-retroactivos\/","title":{"rendered":"Jubilados: pagar\u00e1n juicios por reajustes, pero por ahora no retroactivos"},"content":{"rendered":"\n<p>El titular de la Anses Mariano de Los Heros anunci\u00f3 que el Gobierno se comprometi\u00f3 a pagar los juicios a jubilados por reajuste de haberes que ya tengan sentencia firme.<\/p>\n\n\n\n<p>En declaraciones a Radio Rivadavia, el funcionario sostuvo que es una decisi\u00f3n tomada por el presidente Javier Milei y que esto tambi\u00e9n ahorrar\u00e1 plata a la Anses. En este sentido explic\u00f3 que el Estado \u00absiempre termina pagando igual a herederos y abogados\u00bb debido a que \u00abal no reajustarse el haber inmediatamente, se generaba un nuevo retroactivo con honorarios e intereses\u00bb. Por esa raz\u00f3n, desde el Ejecutivo creen que cortar la deuda es lo m\u00e1s sano.<\/p>\n\n\n\n<p>\u00abNo vamos a hacerlos esperar como se hizo durante d\u00e9cadas. Tenemos casos en los que pasaron&nbsp; trece a\u00f1os\u00bb, revel\u00f3.<\/p>\n\n\n\n<p>La liquidaci\u00f3n se har\u00e1 en dos tramos: el aumento puntual que se reclama en el reajuste y despu\u00e9s la deuda retroactiva por el tiempo que dur\u00f3 el juicio. La idea del Ejecutivo es empezar a pagar&nbsp; la nueva cifra pautada en el reajuste. Lo que todav\u00eda no queda claro es cu\u00e1ndo se pagar\u00e1 el retroactivo.<\/p>\n\n\n\n<p>\u00abLo que est\u00e1 definido es el cambio del paradigma, del cambio cultural, y es reconocerle a los adultos mayores su derecho de reajuste\u00bb, explic\u00f3 Los Heros que agreg\u00f3 que \u00abantes de que termine el a\u00f1o 2025, hacia agosto o septiembre, se tendr\u00e1n pagados el reajuste de los haberes mensuales de 92 mil juicios que est\u00e1n en stock\u00bb.<\/p>\n","protected":false},"excerpt":{"rendered":"<p>El titular de la Anses Mariano de Los Heros anunci\u00f3 que el Gobierno se comprometi\u00f3<\/p>\n","protected":false},"author":4,"featured_media":4880,"comment_status":"open","ping_status":"open","sticky":false,"template":"","format":"standard","meta":{"om_disable_all_campaigns":false,"_monsterinsights_skip_tracking":false,"_monsterinsights_sitenote_active":false,"_monsterinsights_sitenote_note":"","_monsterinsights_sitenote_category":0},"categories":[2],"tags":[],"aioseo_notices":[],"jetpack_featured_media_url":"https:\/\/defiendase.com\/wp-content\/uploads\/2024\/07\/image.png","post_mailing_queue_ids":[],"_links":{"self":[{"href":"https:\/\/defiendase.com\/index.php\/wp-json\/wp\/v2\/posts\/4879"}],"collection":[{"href":"https:\/\/defiendase.com\/index.php\/wp-json\/wp\/v2\/posts"}],"about":[{"href":"https:\/\/defiendase.com\/index.php\/wp-json\/wp\/v2\/types\/post"}],"author":[{"embeddable":true,"href":"https:\/\/defiendase.com\/index.php\/wp-json\/wp\/v2\/users\/4"}],"replies":[{"embeddable":true,"href":"https:\/\/defiendase.com\/index.php\/wp-json\/wp\/v2\/comments?post=4879"}],"version-history":[{"count":1,"href":"https:\/\/defiendase.com\/index.php\/wp-json\/wp\/v2\/posts\/4879\/revisions"}],"predecessor-version":[{"id":4881,"href":"https:\/\/defiendase.com\/index.php\/wp-json\/wp\/v2\/posts\/4879\/revisions\/4881"}],"wp:featuredmedia":[{"embeddable":true,"href":"https:\/\/defiendase.com\/index.php\/wp-json\/wp\/v2\/media\/4880"}],"wp:attachment":[{"href":"https:\/\/defiendase.com\/index.php\/wp-json\/wp\/v2\/media?parent=4879"}],"wp:term":[{"taxonomy":"category","embeddable":true,"href":"https:\/\/defiendase.com\/index.php\/wp-json\/wp\/v2\/categories?post=4879"},{"taxonomy":"post_tag","embeddable":true,"href":"https:\/\/defiendase.com\/index.php\/wp-json\/wp\/v2\/tags?post=4879"}],"curies":[{"name":"wp","href":"https:\/\/api.w.org\/{rel}","templated":true}]}}