{"id":4856,"date":"2024-07-03T14:14:44","date_gmt":"2024-07-03T17:14:44","guid":{"rendered":"https:\/\/defiendase.com\/?p=4856"},"modified":"2024-07-03T14:14:47","modified_gmt":"2024-07-03T17:14:47","slug":"con-la-ley-conan-buscan-actualizar-la-norma-contra-el-maltrato-animal","status":"publish","type":"post","link":"https:\/\/defiendase.com\/index.php\/con-la-ley-conan-buscan-actualizar-la-norma-contra-el-maltrato-animal\/","title":{"rendered":"Con la \u00abLEY CONAN\u00bb,\u00a0buscan actualizar la norma contra el maltrato animal"},"content":{"rendered":"\n<p>Es de p\u00fablico conocimiento el amor que tiene el presidente Milei por sus perros, a los que llama \u00abhijos de cuatro patas\u00bb. Y tal vez a partir de eso, el Congreso de la Naci\u00f3n resolvi\u00f3 empezar a tratar un proyecto de ley que actualiza las penas contra el maltrato animal.<\/p>\n\n\n\n<p>La iniciativa es del diputado del PRO que responde a Patricia Bullrich, Dami\u00e1n Arabia. La idea es actualizar la ley 14.346, que data de 1954 y establece penas de 15 d\u00edas a 1 a\u00f1o de prisi\u00f3n a quien tuviera actos de crueldad con los animales. El nuevo proyecto busca elevar las penas a per\u00edodos de 6 meses a 5 a\u00f1os de prisi\u00f3n, contempla multas de hasta 30 salarios m\u00ednimos y agrega la inhabilitaci\u00f3n para la tenencia de animales en casos extremos.&nbsp;<\/p>\n\n\n\n<p>Adem\u00e1s, suma nuevos actos para ser considerados como maltrato animal, como la mala alimentaci\u00f3n, lesiones permanentes e incluso abuso sexual. Y establece el D\u00eda del Animal como jornada de reflexi\u00f3n en las escuelas.<\/p>\n\n\n\n<p>Tal vez con un gui\u00f1o al presidente, el propio legislador bautiz\u00f3 a su proyecto como la \u00abLey Conan\u00bb y recibi\u00f3 las felicitaciones del propio Milei en las redes. Seg\u00fan su visi\u00f3n, el maltrato animal tiene estrecha vinculaci\u00f3n con la violencia entre las personas, por lo que de alguna manera la nueva ley va a prevenir \u00abtodas las modalidades de crueldad y violencia\u00bb<\/p>\n\n\n\n<p>La iniciativa empezar\u00e1 a discutirse en comisiones, pero no es la \u00fanica. Tambi\u00e9n hay otro proyecto del diputado radical Pablo Juliano, que establece una pena de 6 meses a 3 a\u00f1os de prisi\u00f3n y multas que llegan a 50 salarios m\u00ednimos.<\/p>\n\n\n\n<p>En lo que coinciden todos es en la necesidad de actualizar una ley de hace m\u00e1s de medio siglo en defensa de los animales, con penalidades importantes y la introducci\u00f3n de una conciencia que antes tal vez no se ten\u00eda.<\/p>\n","protected":false},"excerpt":{"rendered":"<p>Es de p\u00fablico conocimiento el amor que tiene el presidente Milei por sus perros, a<\/p>\n","protected":false},"author":4,"featured_media":4857,"comment_status":"open","ping_status":"open","sticky":false,"template":"","format":"standard","meta":{"om_disable_all_campaigns":false,"_monsterinsights_skip_tracking":false,"_monsterinsights_sitenote_active":false,"_monsterinsights_sitenote_note":"","_monsterinsights_sitenote_category":0},"categories":[18],"tags":[],"aioseo_notices":[],"jetpack_featured_media_url":"https:\/\/defiendase.com\/wp-content\/uploads\/2024\/07\/milei-perros.jpg","post_mailing_queue_ids":[],"_links":{"self":[{"href":"https:\/\/defiendase.com\/index.php\/wp-json\/wp\/v2\/posts\/4856"}],"collection":[{"href":"https:\/\/defiendase.com\/index.php\/wp-json\/wp\/v2\/posts"}],"about":[{"href":"https:\/\/defiendase.com\/index.php\/wp-json\/wp\/v2\/types\/post"}],"author":[{"embeddable":true,"href":"https:\/\/defiendase.com\/index.php\/wp-json\/wp\/v2\/users\/4"}],"replies":[{"embeddable":true,"href":"https:\/\/defiendase.com\/index.php\/wp-json\/wp\/v2\/comments?post=4856"}],"version-history":[{"count":1,"href":"https:\/\/defiendase.com\/index.php\/wp-json\/wp\/v2\/posts\/4856\/revisions"}],"predecessor-version":[{"id":4858,"href":"https:\/\/defiendase.com\/index.php\/wp-json\/wp\/v2\/posts\/4856\/revisions\/4858"}],"wp:featuredmedia":[{"embeddable":true,"href":"https:\/\/defiendase.com\/index.php\/wp-json\/wp\/v2\/media\/4857"}],"wp:attachment":[{"href":"https:\/\/defiendase.com\/index.php\/wp-json\/wp\/v2\/media?parent=4856"}],"wp:term":[{"taxonomy":"category","embeddable":true,"href":"https:\/\/defiendase.com\/index.php\/wp-json\/wp\/v2\/categories?post=4856"},{"taxonomy":"post_tag","embeddable":true,"href":"https:\/\/defiendase.com\/index.php\/wp-json\/wp\/v2\/tags?post=4856"}],"curies":[{"name":"wp","href":"https:\/\/api.w.org\/{rel}","templated":true}]}}