{"id":4851,"date":"2024-07-01T14:50:52","date_gmt":"2024-07-01T17:50:52","guid":{"rendered":"https:\/\/defiendase.com\/?p=4851"},"modified":"2024-07-01T15:03:57","modified_gmt":"2024-07-01T18:03:57","slug":"oficial-el-gobierno-busca-bajar-la-edad-de-imputabilidad-a-13-anos","status":"publish","type":"post","link":"https:\/\/defiendase.com\/index.php\/oficial-el-gobierno-busca-bajar-la-edad-de-imputabilidad-a-13-anos\/","title":{"rendered":"Oficial: El gobierno busca bajar la edad de imputabilidad a 13 a\u00f1os"},"content":{"rendered":"\n<p>El presidente Javier Milei confirm\u00f3 que el Gobierno mandar\u00e1 al Congreso un proyecto de ley para bajar la edad de imputabilidad a los 13 a\u00f1os. Esta era una promesa de campa\u00f1a, pero supone un fuerte cambio en el r\u00e9gimen penal.<\/p>\n\n\n\n<p>\u00abSi tiene conciencia como para cometer un delito de adulto \u00bfpor qu\u00e9 no va a pagar una pena como adulto? Despu\u00e9s se ver\u00e1n los mecanismos para el acompa\u00f1amiento. La gente responde a los incentivos, si vos les hac\u00e9s menos rentable el delito, delinquen menos\u00bb, dijo el presidente con l\u00f3gica econ\u00f3mica. \u00abEn Rosario cayeron un 70% los delitos\u00bb, agreg\u00f3.<\/p>\n\n\n\n<p>El anuncio hab\u00eda sido anticipado por la ministra de Seguridad Patricia Bullrich y el ministro de Justicia Mariano C\u00faneo Libarona. El proyecto fija en 13 a\u00f1os la edad a partir de la cual los delincuentes pueden ser juzgados y establece penas de hasta 20 a\u00f1os para los menores que sean considerados culpables. Las prisiones donde cumplir\u00edan esas condenas ser\u00edan, seg\u00fan informaron, \u00abestablecimientos especiales\u00bb o \u00absecciones separadas\u00bb dentro de las c\u00e1rceles comunes.<\/p>\n\n\n\n<p>Seg\u00fan el comunicado difundido por el Ministerio de Justicia, \u00abse le brindar\u00e1n las herramientas al sistema judicial para terminar con la doctrina que beneficia a los delincuentes en perjuicio de las v\u00edctimas\u00bb.&nbsp;<\/p>\n\n\n\n<p>Adem\u00e1s resalta que \u00abla ley que rige actualmente es de la d\u00e9cada del &#8217;80\u00bb y advierte que \u00abes de p\u00fablico conocimiento que el crimen organizado se aprovecha de ni\u00f1os y adolescentes para delinquir sin restricciones, evadiendo la responsabilidad penal\u00bb En este sentido, el texto resalta que la nueva ley combatir\u00e1 el persistente crecimiento de la criminalidad juvenil\u00bb, al que define como&nbsp;&nbsp; \u00abuno de los mayores desaf\u00edos para la prosperidad de nuestra Naci\u00f3n\u00bb<\/p>\n\n\n\n<p>Seg\u00fan los datos oficiales que revel\u00f3 el vocero presidencial Manuel Adorni, \u00aben 2023 hubo 2197 delitos&nbsp; cometidos por menores de edad\u00bb y con esta ley Argentina se podr\u00e1 en consonancia con el resto de los pa\u00edses de la regi\u00f3n ya que en Bolivia, Paraguay, Chile,Colombia y Per\u00fa la edad de imputabilidad es de 14 a\u00f1os y en Brasil a los 12.<\/p>\n","protected":false},"excerpt":{"rendered":"<p>El presidente Javier Milei confirm\u00f3 que el Gobierno mandar\u00e1 al Congreso un proyecto de ley<\/p>\n","protected":false},"author":4,"featured_media":4852,"comment_status":"open","ping_status":"open","sticky":false,"template":"","format":"standard","meta":{"om_disable_all_campaigns":false,"_monsterinsights_skip_tracking":false,"_monsterinsights_sitenote_active":false,"_monsterinsights_sitenote_note":"","_monsterinsights_sitenote_category":0},"categories":[16],"tags":[],"aioseo_notices":[],"jetpack_featured_media_url":"https:\/\/defiendase.com\/wp-content\/uploads\/2024\/07\/milei-tn.jpg","post_mailing_queue_ids":[],"_links":{"self":[{"href":"https:\/\/defiendase.com\/index.php\/wp-json\/wp\/v2\/posts\/4851"}],"collection":[{"href":"https:\/\/defiendase.com\/index.php\/wp-json\/wp\/v2\/posts"}],"about":[{"href":"https:\/\/defiendase.com\/index.php\/wp-json\/wp\/v2\/types\/post"}],"author":[{"embeddable":true,"href":"https:\/\/defiendase.com\/index.php\/wp-json\/wp\/v2\/users\/4"}],"replies":[{"embeddable":true,"href":"https:\/\/defiendase.com\/index.php\/wp-json\/wp\/v2\/comments?post=4851"}],"version-history":[{"count":2,"href":"https:\/\/defiendase.com\/index.php\/wp-json\/wp\/v2\/posts\/4851\/revisions"}],"predecessor-version":[{"id":4855,"href":"https:\/\/defiendase.com\/index.php\/wp-json\/wp\/v2\/posts\/4851\/revisions\/4855"}],"wp:featuredmedia":[{"embeddable":true,"href":"https:\/\/defiendase.com\/index.php\/wp-json\/wp\/v2\/media\/4852"}],"wp:attachment":[{"href":"https:\/\/defiendase.com\/index.php\/wp-json\/wp\/v2\/media?parent=4851"}],"wp:term":[{"taxonomy":"category","embeddable":true,"href":"https:\/\/defiendase.com\/index.php\/wp-json\/wp\/v2\/categories?post=4851"},{"taxonomy":"post_tag","embeddable":true,"href":"https:\/\/defiendase.com\/index.php\/wp-json\/wp\/v2\/tags?post=4851"}],"curies":[{"name":"wp","href":"https:\/\/api.w.org\/{rel}","templated":true}]}}