{"id":4847,"date":"2024-06-28T15:12:21","date_gmt":"2024-06-28T18:12:21","guid":{"rendered":"https:\/\/defiendase.com\/?p=4847"},"modified":"2024-06-28T15:12:24","modified_gmt":"2024-06-28T18:12:24","slug":"piden-4-anos-de-carcel-para-moreno-por-manipular-los-numeros-del-indec","status":"publish","type":"post","link":"https:\/\/defiendase.com\/index.php\/piden-4-anos-de-carcel-para-moreno-por-manipular-los-numeros-del-indec\/","title":{"rendered":"Piden 4 a\u00f1os de c\u00e1rcel para Moreno por manipular los n\u00fameros del INDEC"},"content":{"rendered":"\n<p>El fiscal Diego Luciani pidi\u00f3 que el ex Secretario de Comercio del kirchnerismo, Guillermo Moreno, sea condenado a 4 a\u00f1os de prisi\u00f3n y sea inhabilitado para ocupar cargos p\u00fablicos por 10 a\u00f1os por la manipulaci\u00f3n de los datos de la inflaci\u00f3n que publicaba el Indec. Tambi\u00e9n pidieron la misma pena para la exdirectora de IPC del organismo, Beatriz Paglieri.<\/p>\n\n\n\n<p>La acusaci\u00f3n formal fue por abuso de autoridad, destrucci\u00f3n de registros y documentos, falsedad ideol\u00f3gica y violaci\u00f3n de secretos. En sus alegatos, el fiscal sostuvo que \u00aba trav\u00e9s de la designaci\u00f3n de Paglieri, Moreno hab\u00eda logrado llegar a toda la informaci\u00f3n confidencial que le estaba vedada\u00bb y agreg\u00f3: \u00abla inflaci\u00f3n no pod\u00eda pasar el 10 por ciento y lo lograban mintiendo\u00bb.<\/p>\n\n\n\n<p>Tambi\u00e9n pidi\u00f3 que se investigue a la entonces ministra de Econom\u00eda Felisa Miceli. Seg\u00fan los argumentos de la fiscal\u00eda, el Indec depend\u00eda directamente del Ministerio y no de la Secretar\u00eda de Comercio, por lo que la intervenci\u00f3n directa de Moreno en el organismo podr\u00eda implicar un incumplimiento de deberes de funcionaria p\u00fablica por parte de Miceli<\/p>\n\n\n\n<p>Tras retomar las audiencias con los alegatos de las defensas, el Tribunal Oral Federal 2 de Comodoro Py, integrado por los jueces Rodrigo Gimenez Uriburu, N\u00e9stor Costabel y Jorge Gorini, debe poner fecha para el veredicto. Ese d\u00eda Guillermo Moreno podr\u00eda sumar otra condena.<\/p>\n","protected":false},"excerpt":{"rendered":"<p>El fiscal Diego Luciani pidi\u00f3 que el ex Secretario de Comercio del kirchnerismo, Guillermo Moreno,<\/p>\n","protected":false},"author":4,"featured_media":4848,"comment_status":"open","ping_status":"open","sticky":false,"template":"","format":"standard","meta":{"om_disable_all_campaigns":false,"_monsterinsights_skip_tracking":false,"_monsterinsights_sitenote_active":false,"_monsterinsights_sitenote_note":"","_monsterinsights_sitenote_category":0},"categories":[16],"tags":[],"aioseo_notices":[],"jetpack_featured_media_url":"https:\/\/defiendase.com\/wp-content\/uploads\/2024\/06\/MORENO.webp","post_mailing_queue_ids":[],"_links":{"self":[{"href":"https:\/\/defiendase.com\/index.php\/wp-json\/wp\/v2\/posts\/4847"}],"collection":[{"href":"https:\/\/defiendase.com\/index.php\/wp-json\/wp\/v2\/posts"}],"about":[{"href":"https:\/\/defiendase.com\/index.php\/wp-json\/wp\/v2\/types\/post"}],"author":[{"embeddable":true,"href":"https:\/\/defiendase.com\/index.php\/wp-json\/wp\/v2\/users\/4"}],"replies":[{"embeddable":true,"href":"https:\/\/defiendase.com\/index.php\/wp-json\/wp\/v2\/comments?post=4847"}],"version-history":[{"count":1,"href":"https:\/\/defiendase.com\/index.php\/wp-json\/wp\/v2\/posts\/4847\/revisions"}],"predecessor-version":[{"id":4849,"href":"https:\/\/defiendase.com\/index.php\/wp-json\/wp\/v2\/posts\/4847\/revisions\/4849"}],"wp:featuredmedia":[{"embeddable":true,"href":"https:\/\/defiendase.com\/index.php\/wp-json\/wp\/v2\/media\/4848"}],"wp:attachment":[{"href":"https:\/\/defiendase.com\/index.php\/wp-json\/wp\/v2\/media?parent=4847"}],"wp:term":[{"taxonomy":"category","embeddable":true,"href":"https:\/\/defiendase.com\/index.php\/wp-json\/wp\/v2\/categories?post=4847"},{"taxonomy":"post_tag","embeddable":true,"href":"https:\/\/defiendase.com\/index.php\/wp-json\/wp\/v2\/tags?post=4847"}],"curies":[{"name":"wp","href":"https:\/\/api.w.org\/{rel}","templated":true}]}}