{"id":4839,"date":"2024-06-26T15:43:45","date_gmt":"2024-06-26T18:43:45","guid":{"rendered":"https:\/\/defiendase.com\/?p=4839"},"modified":"2024-06-26T15:44:01","modified_gmt":"2024-06-26T18:44:01","slug":"los-chicos-pueden-reclamar-la-cuota-alimentaria-con-abogados-gratuitos-en-la-ciudad","status":"publish","type":"post","link":"https:\/\/defiendase.com\/index.php\/los-chicos-pueden-reclamar-la-cuota-alimentaria-con-abogados-gratuitos-en-la-ciudad\/","title":{"rendered":"Los chicos pueden reclamar la cuota alimentaria con abogados gratuitos en la ciudad"},"content":{"rendered":"\n<p>Los adolescentes de entre 13 y 17 a\u00f1os ya pueden reclamar el pago de la cuota alimentaria a alguno de sus padres por su propia cuenta en la Ciudad de Bs As gracias al patrocinio gratuito que se puso en marcha desde el Equipo P\u00fablico de Abogadas y Abogados del Ministerio P\u00fablico Tutelar porte\u00f1o.<\/p>\n\n\n\n<p>Desde mayo hasta ahora ya son unos 30 los j\u00f3venes que iniciaron la instancia judicial y en general se trata de familias atravesadas por la violencia. Desde el Ministerio entienden que el derecho alimentario pas\u00f3 a ser un derecho humano, porque es la base para que los chicos puedan tener salud, educaci\u00f3n y recreaci\u00f3n.<\/p>\n\n\n\n<p>La medida se basa en el art\u00edculo 661 del C\u00f3digo Civil, que establece que el progenitor que falte a la prestaci\u00f3n de alimentos puede ser demandado por el otro progenitor o por el hijo si tiene el grado de madurez&nbsp; suficiente para tener asistencia letrada.<\/p>\n\n\n\n<p>En el comunicado oficial, el ministerio explica que&nbsp; \u00abel reclamo de alimentos por parte de las ni\u00f1as, ni\u00f1os y adolescentes con patrocinio letrado propio resulta novedoso dado que a partir de la reforma del C\u00f3digo Civil y Comercial Nacional del a\u00f1o 2015 se reconoce la capacidad progresiva y el derecho a ser o\u00eddo, legitimando a las ni\u00f1as, ni\u00f1os y adolescentes a realizar reclamos por cuenta propia\u00bb.<\/p>\n\n\n\n<p>Para solicitar una entrevista y empezar el tr\u00e1mite se puede acceder a la p\u00e1gina web https:\/\/mptutelar.gob.ar\/, por tel\u00e9fono al 0800-122-7376 o por mensaje de Whatsapp al 157037-7037<\/p>\n","protected":false},"excerpt":{"rendered":"<p>Los adolescentes de entre 13 y 17 a\u00f1os ya pueden reclamar el pago de la<\/p>\n","protected":false},"author":4,"featured_media":4840,"comment_status":"open","ping_status":"open","sticky":false,"template":"","format":"standard","meta":{"om_disable_all_campaigns":false,"_monsterinsights_skip_tracking":false,"_monsterinsights_sitenote_active":false,"_monsterinsights_sitenote_note":"","_monsterinsights_sitenote_category":0},"categories":[252],"tags":[],"aioseo_notices":[],"jetpack_featured_media_url":"https:\/\/defiendase.com\/wp-content\/uploads\/2024\/06\/MPT.jpg","post_mailing_queue_ids":[],"_links":{"self":[{"href":"https:\/\/defiendase.com\/index.php\/wp-json\/wp\/v2\/posts\/4839"}],"collection":[{"href":"https:\/\/defiendase.com\/index.php\/wp-json\/wp\/v2\/posts"}],"about":[{"href":"https:\/\/defiendase.com\/index.php\/wp-json\/wp\/v2\/types\/post"}],"author":[{"embeddable":true,"href":"https:\/\/defiendase.com\/index.php\/wp-json\/wp\/v2\/users\/4"}],"replies":[{"embeddable":true,"href":"https:\/\/defiendase.com\/index.php\/wp-json\/wp\/v2\/comments?post=4839"}],"version-history":[{"count":1,"href":"https:\/\/defiendase.com\/index.php\/wp-json\/wp\/v2\/posts\/4839\/revisions"}],"predecessor-version":[{"id":4841,"href":"https:\/\/defiendase.com\/index.php\/wp-json\/wp\/v2\/posts\/4839\/revisions\/4841"}],"wp:featuredmedia":[{"embeddable":true,"href":"https:\/\/defiendase.com\/index.php\/wp-json\/wp\/v2\/media\/4840"}],"wp:attachment":[{"href":"https:\/\/defiendase.com\/index.php\/wp-json\/wp\/v2\/media?parent=4839"}],"wp:term":[{"taxonomy":"category","embeddable":true,"href":"https:\/\/defiendase.com\/index.php\/wp-json\/wp\/v2\/categories?post=4839"},{"taxonomy":"post_tag","embeddable":true,"href":"https:\/\/defiendase.com\/index.php\/wp-json\/wp\/v2\/tags?post=4839"}],"curies":[{"name":"wp","href":"https:\/\/api.w.org\/{rel}","templated":true}]}}