{"id":4814,"date":"2024-06-17T15:39:29","date_gmt":"2024-06-17T18:39:29","guid":{"rendered":"https:\/\/defiendase.com\/?p=4814"},"modified":"2024-06-17T15:40:54","modified_gmt":"2024-06-17T18:40:54","slug":"le-aumentan-la-cuota-alimentaria-por-la-carga-mental-que-supone-criar-a-sus-hijas-solas","status":"publish","type":"post","link":"https:\/\/defiendase.com\/index.php\/le-aumentan-la-cuota-alimentaria-por-la-carga-mental-que-supone-criar-a-sus-hijas-solas\/","title":{"rendered":"Le aumentan la cuota alimentaria por la \u00abcarga mental\u00bb que supone criar a sus hijas solas"},"content":{"rendered":"\n<p>La justicia de Entre R\u00edos puso en relieve la \u00abcarga mental\u00bb para acceder al reclamo de una mujer que ped\u00eda un aumento de la cuota alimentaria por estar a cargo de sus tres hijas.&nbsp;<\/p>\n\n\n\n<p>Se trata de una madre cr\u00eda sola a las tres menores porque vive en una ciudad distinta a d\u00f3nde vive el padre. El Superior Tribunal de Justicia fij\u00f3 la suma de tres salarios y medio m\u00ednimos y estableci\u00f3 que si el padre no cumple ser\u00e1n los abuelos paternos los que deban responder. Esa cuota es superior a la que establece el \u00cdndice de Crianza del Indec, pero en este caso los jueces consideraron \u00abla sobrecarga y el esfuerzo psicol\u00f3gico\u00bb que demandan el cuidado, la gesti\u00f3n de tareas y la coordinaci\u00f3n de la vida familiar que se necesitan con dos adolescentes y una ni\u00f1a en la casa.<\/p>\n\n\n\n<p>La familia paterna hab\u00eda apelado la decisi\u00f3n de primera instancia argumentando que no pod\u00edan asumir esa carga econ\u00f3mica, pero los magistrados consideraron que, en virtud de sus movimientos bancarios y sus ingresos, estaban en condiciones de pagar la cuota mensualmente.&nbsp;<\/p>\n\n\n\n<p>Adem\u00e1s, en el fallo ponderaron que la madre, abocada a la crianza, dej\u00f3 y dejar\u00e1 pasar oportunidades de desarrollo personal y laboral y eso tambi\u00e9n debe pagarse. \u00abPara llevar adelante la direcci\u00f3n de la vida de sus hijas y mantener el acreditado est\u00e1ndar de vida de las mismas, debe relegar su propia disponibilidad temporal, laboral e intelectual\u00bb, detallaron.<\/p>\n","protected":false},"excerpt":{"rendered":"<p>La justicia de Entre R\u00edos puso en relieve la \u00abcarga mental\u00bb para acceder al reclamo<\/p>\n","protected":false},"author":4,"featured_media":4815,"comment_status":"open","ping_status":"open","sticky":false,"template":"","format":"standard","meta":{"om_disable_all_campaigns":false,"_monsterinsights_skip_tracking":false,"_monsterinsights_sitenote_active":false,"_monsterinsights_sitenote_note":"","_monsterinsights_sitenote_category":0},"categories":[252],"tags":[],"aioseo_notices":[],"jetpack_featured_media_url":"https:\/\/defiendase.com\/wp-content\/uploads\/2024\/06\/IMG_4943.jpeg","post_mailing_queue_ids":[],"_links":{"self":[{"href":"https:\/\/defiendase.com\/index.php\/wp-json\/wp\/v2\/posts\/4814"}],"collection":[{"href":"https:\/\/defiendase.com\/index.php\/wp-json\/wp\/v2\/posts"}],"about":[{"href":"https:\/\/defiendase.com\/index.php\/wp-json\/wp\/v2\/types\/post"}],"author":[{"embeddable":true,"href":"https:\/\/defiendase.com\/index.php\/wp-json\/wp\/v2\/users\/4"}],"replies":[{"embeddable":true,"href":"https:\/\/defiendase.com\/index.php\/wp-json\/wp\/v2\/comments?post=4814"}],"version-history":[{"count":1,"href":"https:\/\/defiendase.com\/index.php\/wp-json\/wp\/v2\/posts\/4814\/revisions"}],"predecessor-version":[{"id":4816,"href":"https:\/\/defiendase.com\/index.php\/wp-json\/wp\/v2\/posts\/4814\/revisions\/4816"}],"wp:featuredmedia":[{"embeddable":true,"href":"https:\/\/defiendase.com\/index.php\/wp-json\/wp\/v2\/media\/4815"}],"wp:attachment":[{"href":"https:\/\/defiendase.com\/index.php\/wp-json\/wp\/v2\/media?parent=4814"}],"wp:term":[{"taxonomy":"category","embeddable":true,"href":"https:\/\/defiendase.com\/index.php\/wp-json\/wp\/v2\/categories?post=4814"},{"taxonomy":"post_tag","embeddable":true,"href":"https:\/\/defiendase.com\/index.php\/wp-json\/wp\/v2\/tags?post=4814"}],"curies":[{"name":"wp","href":"https:\/\/api.w.org\/{rel}","templated":true}]}}