{"id":4803,"date":"2024-06-14T16:41:51","date_gmt":"2024-06-14T19:41:51","guid":{"rendered":"https:\/\/defiendase.com\/?p=4803"},"modified":"2024-06-14T16:41:56","modified_gmt":"2024-06-14T19:41:56","slug":"asi-quedo-la-ley-de-bases-tras-la-aprobacion-en-el-senado","status":"publish","type":"post","link":"https:\/\/defiendase.com\/index.php\/asi-quedo-la-ley-de-bases-tras-la-aprobacion-en-el-senado\/","title":{"rendered":"As\u00ed qued\u00f3 la Ley de Bases tras la aprobaci\u00f3n en el senado"},"content":{"rendered":"\n<p>Con una votaci\u00f3n igualada en 36 votos y con el desempate de Victoria Villarruel despu\u00e9s de una sesi\u00f3n marat\u00f3nica cruzada por las chicanas en el recinto y los incidentes afuera, el Gobierno logr\u00f3 que el Senado aprobara la Ley Bases, que ahora deber\u00e1 volver a Diputados con varios cambios.<\/p>\n\n\n\n<p>Estos son los principales ejes del proyecto con las modificaciones introducidas en la C\u00e1mara Alta.<\/p>\n\n\n\n<p>EMERGENCIA P\u00daBLICA<\/p>\n\n\n\n<p>El proyecto declara la emergencia p\u00fablica por un a\u00f1o y le da poderes especiales al Ejecutivo para actuar en 4 \u00e1reas espec\u00edficas: econ\u00f3mica, financiera, energ\u00e9tica y administrativa.&nbsp;<\/p>\n\n\n\n<p>PRIVATIZACIONES<\/p>\n\n\n\n<p>Se quitaron de la lista de empresas a privatizar Aerol\u00edneas Argentinas, el Correo y Radio y Televisi\u00f3n Argentina.<\/p>\n\n\n\n<p>Adem\u00e1s se hizo una n\u00f3mina de 15 organismos que no podr\u00e1n disolverse: Entre ellos est\u00e1n el INTI, el INTA, el SENASA, el Banco Nacional de Datos Gen\u00e9ticos, el Instituto Ant\u00e1rtico Argentino, el Centro de Investigaci\u00f3n Tecnol\u00f3gica de las Fuerzas Armadas, el Banco Nacional de Datos Gen\u00e9ticos, la Administraci\u00f3n de Parques Nacionales,&nbsp; el Servicio Meteorol\u00f3gico Nacional, el Instituto Nacional del Agua y el Servicio de Hidrograf\u00eda Nacional.<\/p>\n\n\n\n<p>JUBILADOS<\/p>\n\n\n\n<p>Se rechaz\u00f3 la propuesta que eliminaba las moratorias. Esto significan que el beneficio para poder jubilarse sin los aportes necesarios sigue vigente.<\/p>\n\n\n\n<p>CAUSAS POR DESPIDO<\/p>\n\n\n\n<p>Se incluy\u00f3 como causal de despido \u00abla participaci\u00f3n activa en bloqueos o tomas de establecimientos\u00bb, un duro golpe a las modalidades de reclamo de algunos sindicatos.<\/p>\n\n\n\n<p>R\u00c9GIMEN DE GRANDES INVERSIONES<\/p>\n\n\n\n<p>Se estableci\u00f3 que ser\u00e1 para los sectores de foresto industrial, infraestructura, miner\u00eda, energ\u00eda y tecnolog\u00eda. Adem\u00e1s habr\u00e1 beneficios para proveedores locales y se limitar\u00e1 la obligaci\u00f3n de liquidaci\u00f3n de divisas en el mercado de cambios por las exportaciones que generen los proyectos.<\/p>\n\n\n\n<p>BLANQUEO DE CAPITALES<\/p>\n\n\n\n<p>Se rechaz\u00f3 el blanqueo de criptomonedas en el exterior. Tambi\u00e9n se estableci\u00f3 que los inmuebles a nombre de sociedades s\u00f3lo se podr\u00e1n blanquear si estaban declarados por la sociedad.&nbsp; Los funcionarios y sus parientes cercanos (hermanos y primos) no podr\u00e1n adherir al r\u00e9gimen de blanqueo por 10 a\u00f1os.<\/p>\n\n\n\n<p>GANANCIAS<\/p>\n\n\n\n<p>Se rechazaron los cambios y la restituci\u00f3n del impuesto a la cuarta categor\u00eda de los trabajadores en relaci\u00f3n de dependencia. Esto es una mala noticia para el gobierno, que buscaba con este gravamen poder recomponer los ingresos del fisco. Sigue vigente la \u00faltima reforma, que eleva el m\u00ednimo no imponible al equivalente a 15 salarios m\u00ednimos, es decir, a salarios brutos de 3.514.725 pesos.<\/p>\n\n\n\n<p>BIENES PERSONALES<\/p>\n\n\n\n<p>Se rechazaron las modificaciones que buscaban una suba de las al\u00edcuotas&nbsp; y el aumento del piso a partir del cual debe pagarse el impuesto. Por ahora el piso para abonar el tributo sigue siendo de&nbsp; 27 millones de pesos, con una al\u00edcuota m\u00e1xima de 1,75% para bienes locales y 2,25% para bienes radicados en el exterior.<\/p>\n\n\n\n<p>Ahora ser\u00e1 de nuevo el turno de Diputados, que deber\u00e1 validar los cambios hechos en el Senado o tratar de volver atr\u00e1s con las modificaciones. El Gobierno ya anticip\u00f3 que insistir\u00e1 con la versi\u00f3n original y el jefe de Gabinete, Guillermo Francos, ya tuvo su primera reuni\u00f3n con los bloques dialoguistas de la C\u00e1mara Baja.<\/p>\n","protected":false},"excerpt":{"rendered":"<p>Con una votaci\u00f3n igualada en 36 votos y con el desempate de Victoria Villarruel despu\u00e9s<\/p>\n","protected":false},"author":4,"featured_media":4804,"comment_status":"open","ping_status":"open","sticky":false,"template":"","format":"standard","meta":{"om_disable_all_campaigns":false,"_monsterinsights_skip_tracking":false,"_monsterinsights_sitenote_active":false,"_monsterinsights_sitenote_note":"","_monsterinsights_sitenote_category":0},"categories":[16],"tags":[],"aioseo_notices":[],"jetpack_featured_media_url":"https:\/\/defiendase.com\/wp-content\/uploads\/2024\/06\/image.png","post_mailing_queue_ids":[],"_links":{"self":[{"href":"https:\/\/defiendase.com\/index.php\/wp-json\/wp\/v2\/posts\/4803"}],"collection":[{"href":"https:\/\/defiendase.com\/index.php\/wp-json\/wp\/v2\/posts"}],"about":[{"href":"https:\/\/defiendase.com\/index.php\/wp-json\/wp\/v2\/types\/post"}],"author":[{"embeddable":true,"href":"https:\/\/defiendase.com\/index.php\/wp-json\/wp\/v2\/users\/4"}],"replies":[{"embeddable":true,"href":"https:\/\/defiendase.com\/index.php\/wp-json\/wp\/v2\/comments?post=4803"}],"version-history":[{"count":1,"href":"https:\/\/defiendase.com\/index.php\/wp-json\/wp\/v2\/posts\/4803\/revisions"}],"predecessor-version":[{"id":4805,"href":"https:\/\/defiendase.com\/index.php\/wp-json\/wp\/v2\/posts\/4803\/revisions\/4805"}],"wp:featuredmedia":[{"embeddable":true,"href":"https:\/\/defiendase.com\/index.php\/wp-json\/wp\/v2\/media\/4804"}],"wp:attachment":[{"href":"https:\/\/defiendase.com\/index.php\/wp-json\/wp\/v2\/media?parent=4803"}],"wp:term":[{"taxonomy":"category","embeddable":true,"href":"https:\/\/defiendase.com\/index.php\/wp-json\/wp\/v2\/categories?post=4803"},{"taxonomy":"post_tag","embeddable":true,"href":"https:\/\/defiendase.com\/index.php\/wp-json\/wp\/v2\/tags?post=4803"}],"curies":[{"name":"wp","href":"https:\/\/api.w.org\/{rel}","templated":true}]}}