{"id":4770,"date":"2024-05-28T17:18:08","date_gmt":"2024-05-28T20:18:08","guid":{"rendered":"https:\/\/defiendase.com\/?p=4770"},"modified":"2024-05-28T17:18:11","modified_gmt":"2024-05-28T20:18:11","slug":"acuerdo-en-tribunales-entre-el-gobierno-y-las-prepagas-que-pasa-con-las-cuotas-y-como-seran-las-devoluciones","status":"publish","type":"post","link":"https:\/\/defiendase.com\/index.php\/acuerdo-en-tribunales-entre-el-gobierno-y-las-prepagas-que-pasa-con-las-cuotas-y-como-seran-las-devoluciones\/","title":{"rendered":"Acuerdo en tribunales entre el gobierno y las prepagas: qu\u00e9 pasa con las cuotas y c\u00f3mo ser\u00e1n las devoluciones"},"content":{"rendered":"\n<p>Finalmente, despu\u00e9s de una reuni\u00f3n de conciliaci\u00f3n que tom\u00f3 m\u00e1s de 12 horas, el Gobierno, las prepagas y la Justicia se pusieron de acuerdo en el esquema de devoluci\u00f3n del dinero excedente cobrado desde enero hasta abril y en c\u00f3mo y desde cu\u00e1ndo se actualizar\u00e1n las cuotas.<\/p>\n\n\n\n<p>La plata cobrada de m\u00e1s ser\u00e1 devuelta en 12 cuotas que se actualizar\u00e1n por la tasa de inter\u00e9s del plazo fijo del Banco Naci\u00f3n y el reintegro empezar\u00e1 en julio. Ese mismo mes tambi\u00e9n se liberar\u00e1n las cuotas, es decir que volver\u00e1n los aumentos, que en principio estaban pautados a partir de octubre.<\/p>\n\n\n\n<p>Las empresas adem\u00e1s se comprometieron a reincorporar sin penalidad alguna a los afiliados que tuvieron que darse de baja estos meses por no poder afrontar el costo de las cuotas.<\/p>\n\n\n\n<p>El acuerdo fue en el marco de una audiencia de conciliaci\u00f3n convocada por el juez Juan Stinco, que cit\u00f3 tanto al Gobierno como a las empresas de medicina privada.<\/p>\n\n\n\n<p>D\u00edas atr\u00e1s el propio Gobierno hab\u00eda presionado para que las prepagas no s\u00f3lo retrotraigan sus aumentos sino que devuelvan todo el dinero excedente cobrado desde enero. El juez les dio un plazo de 5 d\u00edas a las empresas para que presenten un plan de pagos, pero ante una catarata de apelaciones por parte de las firmas se convoc\u00f3 a esta conciliaci\u00f3n<\/p>\n\n\n\n<p>En total asistieron representantes de 41 empresas, 23 de las cuales estaban incluidas en el amparo presentado por la Superintedencia de Servicios de Salud. Las otras 18 fueron citadas por el propio juez. Seg\u00fan el magistrado, entre todas contienen casi la totalidad (el 99%) de los afiliados del pa\u00eds.<\/p>\n","protected":false},"excerpt":{"rendered":"<p>Finalmente, despu\u00e9s de una reuni\u00f3n de conciliaci\u00f3n que tom\u00f3 m\u00e1s de 12 horas, el Gobierno,<\/p>\n","protected":false},"author":4,"featured_media":4771,"comment_status":"open","ping_status":"open","sticky":false,"template":"","format":"standard","meta":{"om_disable_all_campaigns":false,"_monsterinsights_skip_tracking":false,"_monsterinsights_sitenote_active":false,"_monsterinsights_sitenote_note":"","_monsterinsights_sitenote_category":0},"categories":[17],"tags":[],"aioseo_notices":[],"jetpack_featured_media_url":"https:\/\/defiendase.com\/wp-content\/uploads\/2024\/05\/image-6.png","post_mailing_queue_ids":[],"_links":{"self":[{"href":"https:\/\/defiendase.com\/index.php\/wp-json\/wp\/v2\/posts\/4770"}],"collection":[{"href":"https:\/\/defiendase.com\/index.php\/wp-json\/wp\/v2\/posts"}],"about":[{"href":"https:\/\/defiendase.com\/index.php\/wp-json\/wp\/v2\/types\/post"}],"author":[{"embeddable":true,"href":"https:\/\/defiendase.com\/index.php\/wp-json\/wp\/v2\/users\/4"}],"replies":[{"embeddable":true,"href":"https:\/\/defiendase.com\/index.php\/wp-json\/wp\/v2\/comments?post=4770"}],"version-history":[{"count":1,"href":"https:\/\/defiendase.com\/index.php\/wp-json\/wp\/v2\/posts\/4770\/revisions"}],"predecessor-version":[{"id":4772,"href":"https:\/\/defiendase.com\/index.php\/wp-json\/wp\/v2\/posts\/4770\/revisions\/4772"}],"wp:featuredmedia":[{"embeddable":true,"href":"https:\/\/defiendase.com\/index.php\/wp-json\/wp\/v2\/media\/4771"}],"wp:attachment":[{"href":"https:\/\/defiendase.com\/index.php\/wp-json\/wp\/v2\/media?parent=4770"}],"wp:term":[{"taxonomy":"category","embeddable":true,"href":"https:\/\/defiendase.com\/index.php\/wp-json\/wp\/v2\/categories?post=4770"},{"taxonomy":"post_tag","embeddable":true,"href":"https:\/\/defiendase.com\/index.php\/wp-json\/wp\/v2\/tags?post=4770"}],"curies":[{"name":"wp","href":"https:\/\/api.w.org\/{rel}","templated":true}]}}