{"id":4720,"date":"2024-05-14T15:46:44","date_gmt":"2024-05-14T18:46:44","guid":{"rendered":"https:\/\/defiendase.com\/?p=4720"},"modified":"2024-05-14T15:46:46","modified_gmt":"2024-05-14T18:46:46","slug":"insolito-recusaron-al-juez-de-la-causa-prepagas-por-tener-cobertura-de-medicina-privada","status":"publish","type":"post","link":"https:\/\/defiendase.com\/index.php\/insolito-recusaron-al-juez-de-la-causa-prepagas-por-tener-cobertura-de-medicina-privada\/","title":{"rendered":"Ins\u00f3lito: recusaron al juez de la causa prepagas por tener cobertura de medicina privada"},"content":{"rendered":"\n<p>Despu\u00e9s de que el Juez Juan Stinco resolviera convocar a una audiencia de conciliaci\u00f3n entre el Gobierno nacional y las empresas de medicina prepaga para el pr\u00f3ximo 27 de mayo, una empresa present\u00f3 formalmente un pedido de recusaci\u00f3n argumentando que \u00abes probable que el magistrado sea afiliado a una prepaga\u00bb.<\/p>\n\n\n\n<p>Con esa afirmaci\u00f3n, la firma Medicina Esencial busca que se aparte al juez por \u00absupuesta falta de imparcialidad\u00bb.&nbsp; Stinco hab\u00eda dispuesto que las empresas retrotraigan el valor de sus cuotas a diciembre del a\u00f1o pasado y devuelvan el excedente cobrado durante estos meses. Sin embargo, tras convocar a la conciliaci\u00f3n, suspendi\u00f3 el plazo de 5 d\u00edas que les hab\u00eda dado a las empresas para presentar un plan de pagos. Ese es uno de los puntos que el juez quiere que las partes discutan en la audiencia.&nbsp;<\/p>\n\n\n\n<p>\u00abLos alcances de la resoluci\u00f3n dictada, comprendiendo la orden de devoluci\u00f3n de la diferencia entre los aumentos aplicados por las demandadas a partir de la entrada en vigencia del DNU 70\/2023 y los resultantes de aplicar el IPC, conlleva un notable prejuzgamiento de la cuesti\u00f3n de fondo\u00bb, argument\u00f3 la defensa de la empresa que recus\u00f3 al juez.<\/p>\n\n\n\n<p>Fuentes de tribunales deslizaron que las chances de que el juez sea apartado son pocas y esperan a la conciliaci\u00f3n de dentro de 15 d\u00edas para ver c\u00f3mo evoluciona la causa que por ahora llen\u00f3 de expectativas a los afiliados pero no dio respuestas concretas para el bolsillo.<\/p>\n","protected":false},"excerpt":{"rendered":"<p>Despu\u00e9s de que el Juez Juan Stinco resolviera convocar a una audiencia de conciliaci\u00f3n entre<\/p>\n","protected":false},"author":4,"featured_media":4721,"comment_status":"open","ping_status":"open","sticky":false,"template":"","format":"standard","meta":{"om_disable_all_campaigns":false,"_monsterinsights_skip_tracking":false,"_monsterinsights_sitenote_active":false,"_monsterinsights_sitenote_note":"","_monsterinsights_sitenote_category":0},"categories":[17],"tags":[],"aioseo_notices":[],"jetpack_featured_media_url":"https:\/\/defiendase.com\/wp-content\/uploads\/2024\/05\/stinco-1.jpg","post_mailing_queue_ids":[],"_links":{"self":[{"href":"https:\/\/defiendase.com\/index.php\/wp-json\/wp\/v2\/posts\/4720"}],"collection":[{"href":"https:\/\/defiendase.com\/index.php\/wp-json\/wp\/v2\/posts"}],"about":[{"href":"https:\/\/defiendase.com\/index.php\/wp-json\/wp\/v2\/types\/post"}],"author":[{"embeddable":true,"href":"https:\/\/defiendase.com\/index.php\/wp-json\/wp\/v2\/users\/4"}],"replies":[{"embeddable":true,"href":"https:\/\/defiendase.com\/index.php\/wp-json\/wp\/v2\/comments?post=4720"}],"version-history":[{"count":1,"href":"https:\/\/defiendase.com\/index.php\/wp-json\/wp\/v2\/posts\/4720\/revisions"}],"predecessor-version":[{"id":4722,"href":"https:\/\/defiendase.com\/index.php\/wp-json\/wp\/v2\/posts\/4720\/revisions\/4722"}],"wp:featuredmedia":[{"embeddable":true,"href":"https:\/\/defiendase.com\/index.php\/wp-json\/wp\/v2\/media\/4721"}],"wp:attachment":[{"href":"https:\/\/defiendase.com\/index.php\/wp-json\/wp\/v2\/media?parent=4720"}],"wp:term":[{"taxonomy":"category","embeddable":true,"href":"https:\/\/defiendase.com\/index.php\/wp-json\/wp\/v2\/categories?post=4720"},{"taxonomy":"post_tag","embeddable":true,"href":"https:\/\/defiendase.com\/index.php\/wp-json\/wp\/v2\/tags?post=4720"}],"curies":[{"name":"wp","href":"https:\/\/api.w.org\/{rel}","templated":true}]}}