{"id":4710,"date":"2024-05-10T17:03:58","date_gmt":"2024-05-10T20:03:58","guid":{"rendered":"https:\/\/defiendase.com\/?p=4710"},"modified":"2024-05-10T17:04:02","modified_gmt":"2024-05-10T20:04:02","slug":"diputados-radicales-se-suman-a-las-objeciones-contra-lijo","status":"publish","type":"post","link":"https:\/\/defiendase.com\/index.php\/diputados-radicales-se-suman-a-las-objeciones-contra-lijo\/","title":{"rendered":"Diputados radicales se suman a las objeciones contra Lijo"},"content":{"rendered":"\n<p>El Juez Ariel Lijo sigue sumando cuestionamientos a su candidatura para la Corte Suprema. Esta vez fueron cuatro diputados de la Uni\u00f3n C\u00edvica Radical los impugnaron la postulaci\u00f3n del pol\u00e9mico magistrado, impulsada por Javier Milei.<\/p>\n\n\n\n<p>Se trata de los legisladores Manuel Aguirre, Fernando Carbajal, Pedro Galimberti y Marcela Coli, que en una nota dirigida al ministro de Justicia Mariano C\u00faneo Libarona, sostuvieron que Lijo \u00abcometi\u00f3 severas irregularidades en el ejercicio de su cargo como juez federal\u00bb y agregaron que \u00abalgunas podr\u00edan configurar delitos penales\u00bb.<\/p>\n\n\n\n<p>En el escrito, los diputados hicieron referencia a que el Lijo fue denunciado por Elisa Carri\u00f3 por asociaci\u00f3n il\u00edcita y lavado de dinero y que el propio ministro C\u00faneo Libarona fue su abogado defensor en esa causa en la que finalmente ni siquiera fue indagado por el juez Ercolini.<\/p>\n\n\n\n<p>Tambi\u00e9n cuestionaron el desempe\u00f1o de Lijo como juez en las investigaciones sobre los supuestos sobornos pagados por la empresa Siemens a exfuncionarios menemistas o el vaciamiento de YPF y remarcaron que el Colegio de Abogados de la Ciudad de Buenos Aires denunci\u00f3 al juez por mal desempe\u00f1o de sus funciones y consider\u00f3 que su postulaci\u00f3n a la Corte \u00abno tiene justificaci\u00f3n ni en su curr\u00edculum ni en su trayectoria\u00bb.<\/p>\n","protected":false},"excerpt":{"rendered":"<p>El Juez Ariel Lijo sigue sumando cuestionamientos a su candidatura para la Corte Suprema. Esta<\/p>\n","protected":false},"author":4,"featured_media":4711,"comment_status":"open","ping_status":"open","sticky":false,"template":"","format":"standard","meta":{"om_disable_all_campaigns":false,"_monsterinsights_skip_tracking":false,"_monsterinsights_sitenote_active":false,"_monsterinsights_sitenote_note":"","_monsterinsights_sitenote_category":0},"categories":[16],"tags":[],"aioseo_notices":[],"jetpack_featured_media_url":"https:\/\/defiendase.com\/wp-content\/uploads\/2024\/05\/image-1.png","post_mailing_queue_ids":[],"_links":{"self":[{"href":"https:\/\/defiendase.com\/index.php\/wp-json\/wp\/v2\/posts\/4710"}],"collection":[{"href":"https:\/\/defiendase.com\/index.php\/wp-json\/wp\/v2\/posts"}],"about":[{"href":"https:\/\/defiendase.com\/index.php\/wp-json\/wp\/v2\/types\/post"}],"author":[{"embeddable":true,"href":"https:\/\/defiendase.com\/index.php\/wp-json\/wp\/v2\/users\/4"}],"replies":[{"embeddable":true,"href":"https:\/\/defiendase.com\/index.php\/wp-json\/wp\/v2\/comments?post=4710"}],"version-history":[{"count":1,"href":"https:\/\/defiendase.com\/index.php\/wp-json\/wp\/v2\/posts\/4710\/revisions"}],"predecessor-version":[{"id":4712,"href":"https:\/\/defiendase.com\/index.php\/wp-json\/wp\/v2\/posts\/4710\/revisions\/4712"}],"wp:featuredmedia":[{"embeddable":true,"href":"https:\/\/defiendase.com\/index.php\/wp-json\/wp\/v2\/media\/4711"}],"wp:attachment":[{"href":"https:\/\/defiendase.com\/index.php\/wp-json\/wp\/v2\/media?parent=4710"}],"wp:term":[{"taxonomy":"category","embeddable":true,"href":"https:\/\/defiendase.com\/index.php\/wp-json\/wp\/v2\/categories?post=4710"},{"taxonomy":"post_tag","embeddable":true,"href":"https:\/\/defiendase.com\/index.php\/wp-json\/wp\/v2\/tags?post=4710"}],"curies":[{"name":"wp","href":"https:\/\/api.w.org\/{rel}","templated":true}]}}