{"id":4678,"date":"2024-05-02T14:50:39","date_gmt":"2024-05-02T17:50:39","guid":{"rendered":"https:\/\/defiendase.com\/?p=4678"},"modified":"2024-05-02T14:52:41","modified_gmt":"2024-05-02T17:52:41","slug":"prepagas-por-un-freno-en-la-justicia-se-demoran-las-devoluciones","status":"publish","type":"post","link":"https:\/\/defiendase.com\/index.php\/prepagas-por-un-freno-en-la-justicia-se-demoran-las-devoluciones\/","title":{"rendered":"Prepagas: Por un freno en la Justicia se demoran las devoluciones"},"content":{"rendered":"\n<p>La Justicia le dio una mala noticia al Gobierno en su pulseada con las empresas de medicina prepaga. La jueza que ten\u00eda que resolver el pedido oficial para que las cuotas vuelvan a los valores de diciembre se declar\u00f3 incompetente.<\/p>\n\n\n\n<p>La magistrada Mercedes Maquieira pidi\u00f3 sumar la causa a un amparo colectivo que fue presentado en diciembre en otro juzgado con el objetivo de que se declare la inconstitucionalidad de dos art\u00edculos del DNU, que son los que habilitaron la desregulaci\u00f3n de las cuotas.<\/p>\n\n\n\n<p>Esto pone en un brete al Gobierno, que por un lado hab\u00eda presentado una medida cautelar contra las prepagas denunciando adem\u00e1s cartelizaci\u00f3n y ahora ve c\u00f3mo su propia denuncia se puede sumar a un amparo que va directamente contra el decreto presidencial.<\/p>\n\n\n\n<p>En concreto, desde enero hasta abril las empresas aumentaron 149% sus cuotas y algunas de ellas, presionadas por el Ejecutivo, hab\u00edan empezado a anunciar descuentos de entre el 20 y el 26%.<\/p>\n\n\n\n<p>Con esta postergaci\u00f3n en la definici\u00f3n del problema de fondo, las cuotas parecen estar ahora m\u00e1s lejos de volver a los valores de diciembre. Y si prospera el amparo colectivo al que se sumar\u00eda la causa, ser\u00eda tambi\u00e9n una derrota para el Gobierno porque se declarar\u00edan inconstitucionales dos art\u00edculos considerados claves por el oficialismo.<\/p>\n\n\n\n<p>En paralelo, el ministro de Econom\u00eda anticip\u00f3 que se abrir\u00e1 una l\u00ednea para denunciar a las empresas que incumplan con la baja de cuotas y adelant\u00f3 que se aplicar\u00e1n multas contra las prepagas que mantengan sus valores.<\/p>\n\n\n\n<p>En el medio quedan los afiliados, que siguen pagando cifras siderales por prestaciones que incluso distan mucho de ser las mejores.<\/p>\n","protected":false},"excerpt":{"rendered":"<p>La Justicia le dio una mala noticia al Gobierno en su pulseada con las empresas<\/p>\n","protected":false},"author":4,"featured_media":4679,"comment_status":"open","ping_status":"open","sticky":false,"template":"","format":"standard","meta":{"om_disable_all_campaigns":false,"_monsterinsights_skip_tracking":false,"_monsterinsights_sitenote_active":false,"_monsterinsights_sitenote_note":"","_monsterinsights_sitenote_category":0},"categories":[17],"tags":[],"aioseo_notices":[],"jetpack_featured_media_url":"https:\/\/defiendase.com\/wp-content\/uploads\/2024\/05\/prepagas.webp","post_mailing_queue_ids":[],"_links":{"self":[{"href":"https:\/\/defiendase.com\/index.php\/wp-json\/wp\/v2\/posts\/4678"}],"collection":[{"href":"https:\/\/defiendase.com\/index.php\/wp-json\/wp\/v2\/posts"}],"about":[{"href":"https:\/\/defiendase.com\/index.php\/wp-json\/wp\/v2\/types\/post"}],"author":[{"embeddable":true,"href":"https:\/\/defiendase.com\/index.php\/wp-json\/wp\/v2\/users\/4"}],"replies":[{"embeddable":true,"href":"https:\/\/defiendase.com\/index.php\/wp-json\/wp\/v2\/comments?post=4678"}],"version-history":[{"count":1,"href":"https:\/\/defiendase.com\/index.php\/wp-json\/wp\/v2\/posts\/4678\/revisions"}],"predecessor-version":[{"id":4680,"href":"https:\/\/defiendase.com\/index.php\/wp-json\/wp\/v2\/posts\/4678\/revisions\/4680"}],"wp:featuredmedia":[{"embeddable":true,"href":"https:\/\/defiendase.com\/index.php\/wp-json\/wp\/v2\/media\/4679"}],"wp:attachment":[{"href":"https:\/\/defiendase.com\/index.php\/wp-json\/wp\/v2\/media?parent=4678"}],"wp:term":[{"taxonomy":"category","embeddable":true,"href":"https:\/\/defiendase.com\/index.php\/wp-json\/wp\/v2\/categories?post=4678"},{"taxonomy":"post_tag","embeddable":true,"href":"https:\/\/defiendase.com\/index.php\/wp-json\/wp\/v2\/tags?post=4678"}],"curies":[{"name":"wp","href":"https:\/\/api.w.org\/{rel}","templated":true}]}}