{"id":4670,"date":"2024-04-30T15:52:05","date_gmt":"2024-04-30T18:52:05","guid":{"rendered":"https:\/\/defiendase.com\/?p=4670"},"modified":"2024-04-30T15:52:46","modified_gmt":"2024-04-30T18:52:46","slug":"sin-impulso-del-fiscal-no-hay-causa","status":"publish","type":"post","link":"https:\/\/defiendase.com\/index.php\/sin-impulso-del-fiscal-no-hay-causa\/","title":{"rendered":"Sin impulso del fiscal, no hay causa"},"content":{"rendered":"\n<p>En un fallo que de alguna manera marca las prioridades en los pasos de la justicia, la C\u00e1mara Federal de Casaci\u00f3n Penal revoc\u00f3 una resoluci\u00f3n de la C\u00e1mara de Apelaciones de Bah\u00eda Blanca que hab\u00eda confirmado el procesamiento de un hombre a\u00fan cuando la fiscal\u00eda hab\u00eda desestimado la acusaci\u00f3n por inexistencia de delito. Seg\u00fan los jueces de la Sala I, Diego Barroetave\u00f1a, Daniel Petrone y Alejandro Slokar, si la fiscal\u00eda no impulsa la investigaci\u00f3n, los magistrados no pueden avanzar en la causa.<\/p>\n\n\n\n<p>La denuncia fue por un corte de la ruta 3 ocurrido en marzo de 2022 en Carmen de Patagones. El imputado encabezaba la protesta en reclamo de una planta para realizar controles y ex\u00e1menes m\u00e9dicos a los choferes de camiones para evitar que tuvieran que trasladarse a Bah\u00eda Blanca a hacerse esos estudios,<\/p>\n\n\n\n<p>La polic\u00eda inici\u00f3 un sumario que recay\u00f3 en la fiscal\u00eda, que a su vez desestim\u00f3 la denuncia por considerar que hubo inexistencia de delito. Sin embargo,el juez resolvi\u00f3 avanzar con la causa y proces\u00f3 y embarg\u00f3 al acusado por el delito de entorpecimiento de servicios p\u00fablicos.&nbsp;&nbsp;<\/p>\n\n\n\n<p>La defensa del imputado apel\u00f3 y argument\u00f3 que una magistrado no puede actuar de oficio. En un principio la C\u00e1mara concedi\u00f3 esa apelaci\u00f3n, pero despu\u00e9s fall\u00f3 contra el acusado y confirm\u00f3 el procesamiento. Esto motiv\u00f3 a que el abogado defensor recurriera a la C\u00e1mara de Casaci\u00f3n Penal y sostuviera que se hab\u00edan violentado las garant\u00edas del proceso legal y del sistema acusatorio.<\/p>\n\n\n\n<p>El fiscal general Javier De Luca consider\u00f3 que \u00abel juez se subrog\u00f3 en las potestades de impulsar la acci\u00f3n penal del fiscal a quien hab\u00eda delegado la investigaci\u00f3n, sin causa que lo justificase\u00bb y agreg\u00f3 que \u00absi en un primer momento el fiscal consider\u00f3 que el hecho puesto en conocimiento deb\u00eda ser desestimado, el juez debi\u00f3 evaluar esa posici\u00f3n y no impulsar la acci\u00f3n penal en sustituci\u00f3n del fiscal\u00bb. A su vez, los jueces de la Sala I de la C\u00e1mara de Casaci\u00f3n Penal consideraron que la apelaci\u00f3n de la defensa era v\u00e1lida y<\/p>\n","protected":false},"excerpt":{"rendered":"<p>En un fallo que de alguna manera marca las prioridades en los pasos de la<\/p>\n","protected":false},"author":4,"featured_media":4673,"comment_status":"open","ping_status":"open","sticky":false,"template":"","format":"standard","meta":{"om_disable_all_campaigns":false,"_monsterinsights_skip_tracking":false,"_monsterinsights_sitenote_active":false,"_monsterinsights_sitenote_note":"","_monsterinsights_sitenote_category":0},"categories":[16],"tags":[],"aioseo_notices":[],"jetpack_featured_media_url":"https:\/\/defiendase.com\/wp-content\/uploads\/2024\/04\/juez2-1.webp","post_mailing_queue_ids":[],"_links":{"self":[{"href":"https:\/\/defiendase.com\/index.php\/wp-json\/wp\/v2\/posts\/4670"}],"collection":[{"href":"https:\/\/defiendase.com\/index.php\/wp-json\/wp\/v2\/posts"}],"about":[{"href":"https:\/\/defiendase.com\/index.php\/wp-json\/wp\/v2\/types\/post"}],"author":[{"embeddable":true,"href":"https:\/\/defiendase.com\/index.php\/wp-json\/wp\/v2\/users\/4"}],"replies":[{"embeddable":true,"href":"https:\/\/defiendase.com\/index.php\/wp-json\/wp\/v2\/comments?post=4670"}],"version-history":[{"count":1,"href":"https:\/\/defiendase.com\/index.php\/wp-json\/wp\/v2\/posts\/4670\/revisions"}],"predecessor-version":[{"id":4671,"href":"https:\/\/defiendase.com\/index.php\/wp-json\/wp\/v2\/posts\/4670\/revisions\/4671"}],"wp:featuredmedia":[{"embeddable":true,"href":"https:\/\/defiendase.com\/index.php\/wp-json\/wp\/v2\/media\/4673"}],"wp:attachment":[{"href":"https:\/\/defiendase.com\/index.php\/wp-json\/wp\/v2\/media?parent=4670"}],"wp:term":[{"taxonomy":"category","embeddable":true,"href":"https:\/\/defiendase.com\/index.php\/wp-json\/wp\/v2\/categories?post=4670"},{"taxonomy":"post_tag","embeddable":true,"href":"https:\/\/defiendase.com\/index.php\/wp-json\/wp\/v2\/tags?post=4670"}],"curies":[{"name":"wp","href":"https:\/\/api.w.org\/{rel}","templated":true}]}}