{"id":4661,"date":"2024-04-26T10:09:47","date_gmt":"2024-04-26T13:09:47","guid":{"rendered":"https:\/\/defiendase.com\/?p=4661"},"modified":"2024-04-26T10:09:50","modified_gmt":"2024-04-26T13:09:50","slug":"abogados-que-apoyan-a-milei-criticaron-la-candidatura-de-lijo-a-la-corte","status":"publish","type":"post","link":"https:\/\/defiendase.com\/index.php\/abogados-que-apoyan-a-milei-criticaron-la-candidatura-de-lijo-a-la-corte\/","title":{"rendered":"Abogados que apoyan a Milei criticaron la candidatura de Lijo a la corte"},"content":{"rendered":"\n<p>El juez federal Ariel Lijo, candidato de Javier Milei a la Corte Suprema, sum\u00f3 un nuevo rechazo, esta vez de los abogados nucleados en la asociaci\u00f3n civil Defensores de Derechos Humanos de Latinoam\u00e9rica, que apoya abiertamente al ppresidente.<\/p>\n\n\n\n<p>En una carta dirigida al ministro de Justicia Mariano C\u00faneo Libarona sostuvieron que Lijo \u00abno re\u00fane las condiciones \u00e9ticas y morales imprescindibles que requiere esa funci\u00f3n\u00bb y subrayaron que \u00abel empecinamiento a la designaci\u00f3n del juez Lijo ser\u00eda parte de una negociaci\u00f3n espuria contraria al programa pol\u00edtico que la inmensa mayor\u00eda de la poblaci\u00f3n eligi\u00f3 para cambiar los destinos sombr\u00edos que ensombrecen a nuestra Patria\u00bb.<\/p>\n\n\n\n<p>En el texto, no ahorraron elogios al rumbo tomado por el Gobierno pero advirtieron sobre el retroceso que implicar\u00eda el desembarco de Lijo en el m\u00e1ximo tribunal: \u00abNos encontramos, como sociedad, intentando salir del marasmo moral producto de a\u00f1os de gobiernos populistas que nos arrojaron una infestaci\u00f3n como nunca en la historia, por ello, es preciso que se den claras se\u00f1ales del cambio que se pretende y que la sociedad a\u00f1ora. La propuesta del juez Lijo nos deja en el desconcierto de un claro retroceso en este proceso cuando solamente las mismas voces opositoras son las \u00fanicas que se hacen o\u00edr en favor de esta decisi\u00f3n del Poder Ejecutivo\u00bb.<\/p>\n\n\n\n<p>En el medio, destacaron la postulaci\u00f3n del otro candidato de Milei, Manuel Garc\u00eda Mansilla, a quien describen como \u00abun catedr\u00e1tico que enaltecer\u00eda al desprestigiado m\u00e1ximo Tribunal de la Naci\u00f3n\u00bb.<\/p>\n\n\n\n<p>La carta est\u00e1 firmada por Jos\u00e9 Mar\u00eda Soaje Pinto, Elena R. Genise, Pedro Pablo Pusineri, Guillermo Jes\u00fas Fanego y Luis Alberto L\u00f3pez, algunos vinculados con corrientes nacionalistas y de derecha. Al final del texto hacen alusi\u00f3n a la muletilla de Milei y piden que \u00ablas fuerzas del cielo ayuden al Sr. Presidente a recapacitar sobre su decisi\u00f3n y evitar una nueva frustraci\u00f3n a la ya malhadada consideraci\u00f3n que la ciudadan\u00eda tiene de la Justicia\u00bb.<\/p>\n","protected":false},"excerpt":{"rendered":"<p>El juez federal Ariel Lijo, candidato de Javier Milei a la Corte Suprema, sum\u00f3 un<\/p>\n","protected":false},"author":4,"featured_media":4662,"comment_status":"open","ping_status":"open","sticky":false,"template":"","format":"standard","meta":{"om_disable_all_campaigns":false,"_monsterinsights_skip_tracking":false,"_monsterinsights_sitenote_active":false,"_monsterinsights_sitenote_note":"","_monsterinsights_sitenote_category":0},"categories":[16],"tags":[],"aioseo_notices":[],"jetpack_featured_media_url":"https:\/\/defiendase.com\/wp-content\/uploads\/2024\/04\/IMG_1602.jpeg","post_mailing_queue_ids":[],"_links":{"self":[{"href":"https:\/\/defiendase.com\/index.php\/wp-json\/wp\/v2\/posts\/4661"}],"collection":[{"href":"https:\/\/defiendase.com\/index.php\/wp-json\/wp\/v2\/posts"}],"about":[{"href":"https:\/\/defiendase.com\/index.php\/wp-json\/wp\/v2\/types\/post"}],"author":[{"embeddable":true,"href":"https:\/\/defiendase.com\/index.php\/wp-json\/wp\/v2\/users\/4"}],"replies":[{"embeddable":true,"href":"https:\/\/defiendase.com\/index.php\/wp-json\/wp\/v2\/comments?post=4661"}],"version-history":[{"count":1,"href":"https:\/\/defiendase.com\/index.php\/wp-json\/wp\/v2\/posts\/4661\/revisions"}],"predecessor-version":[{"id":4663,"href":"https:\/\/defiendase.com\/index.php\/wp-json\/wp\/v2\/posts\/4661\/revisions\/4663"}],"wp:featuredmedia":[{"embeddable":true,"href":"https:\/\/defiendase.com\/index.php\/wp-json\/wp\/v2\/media\/4662"}],"wp:attachment":[{"href":"https:\/\/defiendase.com\/index.php\/wp-json\/wp\/v2\/media?parent=4661"}],"wp:term":[{"taxonomy":"category","embeddable":true,"href":"https:\/\/defiendase.com\/index.php\/wp-json\/wp\/v2\/categories?post=4661"},{"taxonomy":"post_tag","embeddable":true,"href":"https:\/\/defiendase.com\/index.php\/wp-json\/wp\/v2\/tags?post=4661"}],"curies":[{"name":"wp","href":"https:\/\/api.w.org\/{rel}","templated":true}]}}