{"id":4639,"date":"2024-04-22T16:01:39","date_gmt":"2024-04-22T19:01:39","guid":{"rendered":"https:\/\/defiendase.com\/?p=4639"},"modified":"2024-04-22T16:01:43","modified_gmt":"2024-04-22T19:01:43","slug":"denuncian-cada-vez-mas-vacantes-y-una-situacion-critica-del-poder-judicial-en-la-provincia","status":"publish","type":"post","link":"https:\/\/defiendase.com\/index.php\/denuncian-cada-vez-mas-vacantes-y-una-situacion-critica-del-poder-judicial-en-la-provincia\/","title":{"rendered":"Denuncian cada vez m\u00e1s vacantes y una situaci\u00f3n cr\u00edtica del Poder Judicial en la Provincia"},"content":{"rendered":"\n<p>La situaci\u00f3n de los cargos vacantes en la justicia bonaerense es cada vez m\u00e1s preocupante. La falta de acuerdos pol\u00edticos complica la cobertura de cargos esenciales para que el poder judicial pueda funcionar correctamente y dar respuestas a la comunidad.<\/p>\n\n\n\n<p>El panorama es complejo porque la gran cantidad de puestos sin cubrir hace que se triplique la carga de trabajo sobre el personal en funciones. Eso a su vez aumenta el pedido de licencias y genera a\u00fan m\u00e1s vac\u00edo en el funcionamiento de los tribunales.<\/p>\n\n\n\n<p>Seg\u00fan el presidente del Colegio de Magistrados de la Provincia de Buenos Aires, Claudio Santagati, s\u00f3lo en Lomas de Zamora faltan 28 fiscales, 6 jueces de familia y de los 10 tribunales orales s\u00f3lo hay 2 que est\u00e1n conformados totalmente.<\/p>\n\n\n\n<p>En declaraciones a Diario Conurbano, el funcionario sostuvo que la situaci\u00f3n se agrava porque los jueces se jubilan y sus vacantes no son cubiertas y explic\u00f3 que al no tener respuestas est\u00e1n al borde de la \u00abdenegaci\u00f3n de justicia\u00bb. En ese sentido, denunci\u00f3 que \u00abhay una gran incomprensi\u00f3n de la clase pol\u00edtica bonaerense sobre lo que ocurre en el Poder Judicial\u00bb.<\/p>\n\n\n\n<p>Desde la Suprema Corte, que tiene 4 de sus 7 puestos vacantes, para abajo parecer\u00eda que la justicia no es una prioridad en la provincia. Y si la justicia no es prioridad, los derechos de todos sus habitantes est\u00e1n en peligro.<\/p>\n","protected":false},"excerpt":{"rendered":"<p>La situaci\u00f3n de los cargos vacantes en la justicia bonaerense es cada vez m\u00e1s preocupante.<\/p>\n","protected":false},"author":4,"featured_media":4640,"comment_status":"open","ping_status":"open","sticky":false,"template":"","format":"standard","meta":{"om_disable_all_campaigns":false,"_monsterinsights_skip_tracking":false,"_monsterinsights_sitenote_active":false,"_monsterinsights_sitenote_note":"","_monsterinsights_sitenote_category":0},"categories":[16],"tags":[],"aioseo_notices":[],"jetpack_featured_media_url":"https:\/\/defiendase.com\/wp-content\/uploads\/2024\/04\/lomas.jpg","post_mailing_queue_ids":[],"_links":{"self":[{"href":"https:\/\/defiendase.com\/index.php\/wp-json\/wp\/v2\/posts\/4639"}],"collection":[{"href":"https:\/\/defiendase.com\/index.php\/wp-json\/wp\/v2\/posts"}],"about":[{"href":"https:\/\/defiendase.com\/index.php\/wp-json\/wp\/v2\/types\/post"}],"author":[{"embeddable":true,"href":"https:\/\/defiendase.com\/index.php\/wp-json\/wp\/v2\/users\/4"}],"replies":[{"embeddable":true,"href":"https:\/\/defiendase.com\/index.php\/wp-json\/wp\/v2\/comments?post=4639"}],"version-history":[{"count":1,"href":"https:\/\/defiendase.com\/index.php\/wp-json\/wp\/v2\/posts\/4639\/revisions"}],"predecessor-version":[{"id":4641,"href":"https:\/\/defiendase.com\/index.php\/wp-json\/wp\/v2\/posts\/4639\/revisions\/4641"}],"wp:featuredmedia":[{"embeddable":true,"href":"https:\/\/defiendase.com\/index.php\/wp-json\/wp\/v2\/media\/4640"}],"wp:attachment":[{"href":"https:\/\/defiendase.com\/index.php\/wp-json\/wp\/v2\/media?parent=4639"}],"wp:term":[{"taxonomy":"category","embeddable":true,"href":"https:\/\/defiendase.com\/index.php\/wp-json\/wp\/v2\/categories?post=4639"},{"taxonomy":"post_tag","embeddable":true,"href":"https:\/\/defiendase.com\/index.php\/wp-json\/wp\/v2\/tags?post=4639"}],"curies":[{"name":"wp","href":"https:\/\/api.w.org\/{rel}","templated":true}]}}