{"id":4605,"date":"2024-04-12T10:10:34","date_gmt":"2024-04-12T13:10:34","guid":{"rendered":"https:\/\/defiendase.com\/?p=4605"},"modified":"2024-04-12T10:10:36","modified_gmt":"2024-04-12T13:10:36","slug":"fallo-historico-la-justicia-argentina-responsabilizo-a-iran-por-el-atentado-de-la-amia-y-lo-califico-de-estado-terrorista","status":"publish","type":"post","link":"https:\/\/defiendase.com\/index.php\/fallo-historico-la-justicia-argentina-responsabilizo-a-iran-por-el-atentado-de-la-amia-y-lo-califico-de-estado-terrorista\/","title":{"rendered":"Fallo hist\u00f3rico: La justicia Argentina responsabiliz\u00f3 a Ir\u00e1n por el atentado de la AMIA y lo calific\u00f3 de estado terrorista"},"content":{"rendered":"\n<p>La C\u00e1mara de Casaci\u00f3n,el m\u00e1ximo tribunal penal de la Naci\u00f3n, dict\u00f3 sentencia definitiva en las causas vinculadas con el atentado a la AMIA y su posterior encubrimiento y determin\u00f3 que Ir\u00e1n estuvo detr\u00e1s del ataque a la mutual jud\u00eda. Adem\u00e1s, declar\u00f3 que se trata de un delito de lesa humanidad, que es imprescriptible y que sus autores podr\u00e1n ser juzgados en cualquier parte del mundo.<\/p>\n\n\n\n<p>Para los jueces Carlos Mahiques, \u00c1ngela Ledesma y Diego Barroetave\u00f1a, tanto el ataque sufrido en la embajada de Israel en 1992 como la bomba en la AMIA, en 1994, \u00abrespondieron a un designio pol\u00edtico y estrat\u00e9gico\u00bb de Ir\u00e1n. Del fallo se desprende que fue en venganza por la decisi\u00f3n unilateral del gobierno de Carlos Menem, que tras una alianza con EEUU, cancel\u00f3 unilateralmente tres contratos de provisi\u00f3n de material nuclear acordados con Teher\u00e1n. &nbsp;Adem\u00e1s, la resoluci\u00f3n judicial especifica que ambos atentados fueron ejecutados por el grupo terrorista Hezbollah.&nbsp;<\/p>\n\n\n\n<p>En paralelo, la C\u00e1mara tambi\u00e9n pidi\u00f3 que el poder Ejecutivo y el poder legislativo apuren iniciativas que permitan llevar adelante un proceso de juicio en ausencia para los culpables.&nbsp;<\/p>\n\n\n\n<p>Este a\u00f1o se cumplen 30 a\u00f1os del atentado a la AMIA y el fallo habilita a que los familiares de las v\u00edctimas demanden al Estado Isl\u00e1mico de Ir\u00e1n por el da\u00f1o moral y material causado, algo que podr\u00eda hacerse por v\u00eda diplom\u00e1tica ante la ONU o la Corte Internacional.&nbsp;<\/p>\n\n\n\n<p>Se trata de una sentencia hist\u00f3rica que puede tener profundas consecuencias y se suma a las avanzadas jur\u00eddicas mundiales de Estados Unidos e Israel contra Ir\u00e1n.<\/p>\n","protected":false},"excerpt":{"rendered":"<p>La C\u00e1mara de Casaci\u00f3n,el m\u00e1ximo tribunal penal de la Naci\u00f3n, dict\u00f3 sentencia definitiva en las<\/p>\n","protected":false},"author":4,"featured_media":4606,"comment_status":"open","ping_status":"open","sticky":false,"template":"","format":"standard","meta":{"om_disable_all_campaigns":false,"_monsterinsights_skip_tracking":false,"_monsterinsights_sitenote_active":false,"_monsterinsights_sitenote_note":"","_monsterinsights_sitenote_category":0},"categories":[1],"tags":[],"aioseo_notices":[],"jetpack_featured_media_url":"https:\/\/defiendase.com\/wp-content\/uploads\/2024\/04\/e6cac2ea-f5a3-40f0-a38b-341049699f74.jpeg","post_mailing_queue_ids":[],"_links":{"self":[{"href":"https:\/\/defiendase.com\/index.php\/wp-json\/wp\/v2\/posts\/4605"}],"collection":[{"href":"https:\/\/defiendase.com\/index.php\/wp-json\/wp\/v2\/posts"}],"about":[{"href":"https:\/\/defiendase.com\/index.php\/wp-json\/wp\/v2\/types\/post"}],"author":[{"embeddable":true,"href":"https:\/\/defiendase.com\/index.php\/wp-json\/wp\/v2\/users\/4"}],"replies":[{"embeddable":true,"href":"https:\/\/defiendase.com\/index.php\/wp-json\/wp\/v2\/comments?post=4605"}],"version-history":[{"count":1,"href":"https:\/\/defiendase.com\/index.php\/wp-json\/wp\/v2\/posts\/4605\/revisions"}],"predecessor-version":[{"id":4607,"href":"https:\/\/defiendase.com\/index.php\/wp-json\/wp\/v2\/posts\/4605\/revisions\/4607"}],"wp:featuredmedia":[{"embeddable":true,"href":"https:\/\/defiendase.com\/index.php\/wp-json\/wp\/v2\/media\/4606"}],"wp:attachment":[{"href":"https:\/\/defiendase.com\/index.php\/wp-json\/wp\/v2\/media?parent=4605"}],"wp:term":[{"taxonomy":"category","embeddable":true,"href":"https:\/\/defiendase.com\/index.php\/wp-json\/wp\/v2\/categories?post=4605"},{"taxonomy":"post_tag","embeddable":true,"href":"https:\/\/defiendase.com\/index.php\/wp-json\/wp\/v2\/tags?post=4605"}],"curies":[{"name":"wp","href":"https:\/\/api.w.org\/{rel}","templated":true}]}}