{"id":4594,"date":"2024-04-11T13:14:31","date_gmt":"2024-04-11T16:14:31","guid":{"rendered":"https:\/\/defiendase.com\/?p=4594"},"modified":"2024-04-11T13:14:34","modified_gmt":"2024-04-11T16:14:34","slug":"practicas-abusivas-la-justicia-pampeana-ordena-a-las-automotrices-readecuar-los-planes-de-pago","status":"publish","type":"post","link":"https:\/\/defiendase.com\/index.php\/practicas-abusivas-la-justicia-pampeana-ordena-a-las-automotrices-readecuar-los-planes-de-pago\/","title":{"rendered":"Pr\u00e1cticas abusivas: La justicia pampeana ordena a las automotrices readecuar los planes de pago"},"content":{"rendered":"\n<p>En un fallo hist\u00f3rico y sin precedentes, la justicia de La Pampa conden\u00f3 a varias automotrices por pr\u00e1cticas abusivas en los planes de ahorro. La medida beneficia a unos 1200 ahorristas cuyas cuotas deber\u00e1n bajar inmediatamente.&nbsp;<\/p>\n\n\n\n<p>La demanda colectiva fue presentada porque las cuotas en algunos casos hab\u00edan subido un 400% por encima de la inflaci\u00f3n y ninguna de las empresas dio explicaciones sobre los motivos de esos aumentos desmedidos decididos en forma unilateral.&nbsp;<\/p>\n\n\n\n<p>La jueza Adriana Pascual determin\u00f3 que los pagos mensuales de los planes de ahorro deber\u00e1n ajustarse a la inflaci\u00f3n y le puso un tope del 25% de los ingresos totales de los clientes a las cuotas. En los casos en los que las cuotas hayan superado el valor actualizado de los autos, las automotrices deber\u00e1n devolverle la plata excedente a los compradores en un plazo de 20 d\u00edas.&nbsp;<\/p>\n\n\n\n<p>As\u00ed, la justicia se puso a favor de los consumidores con una resoluci\u00f3n que puede replicarse en otras provincias y que se asemeja a las cautelares emitidas por los aumentos de las prepagas, pero con la diferencia de que en este caso el fallo es de aplicaci\u00f3n inmediata y corrige distorsiones que huelen m\u00e1s a especulaci\u00f3n y avivada que a ajustes por costos. &nbsp;<\/p>\n","protected":false},"excerpt":{"rendered":"<p>En un fallo hist\u00f3rico y sin precedentes, la justicia de La Pampa conden\u00f3 a varias<\/p>\n","protected":false},"author":4,"featured_media":4595,"comment_status":"open","ping_status":"open","sticky":false,"template":"","format":"standard","meta":{"om_disable_all_campaigns":false,"_monsterinsights_skip_tracking":false,"_monsterinsights_sitenote_active":false,"_monsterinsights_sitenote_note":"","_monsterinsights_sitenote_category":0},"categories":[16],"tags":[],"aioseo_notices":[],"jetpack_featured_media_url":"https:\/\/defiendase.com\/wp-content\/uploads\/2024\/04\/6656595d-f13e-4ead-b2b3-a6caeb40cded.jpeg","post_mailing_queue_ids":[],"_links":{"self":[{"href":"https:\/\/defiendase.com\/index.php\/wp-json\/wp\/v2\/posts\/4594"}],"collection":[{"href":"https:\/\/defiendase.com\/index.php\/wp-json\/wp\/v2\/posts"}],"about":[{"href":"https:\/\/defiendase.com\/index.php\/wp-json\/wp\/v2\/types\/post"}],"author":[{"embeddable":true,"href":"https:\/\/defiendase.com\/index.php\/wp-json\/wp\/v2\/users\/4"}],"replies":[{"embeddable":true,"href":"https:\/\/defiendase.com\/index.php\/wp-json\/wp\/v2\/comments?post=4594"}],"version-history":[{"count":1,"href":"https:\/\/defiendase.com\/index.php\/wp-json\/wp\/v2\/posts\/4594\/revisions"}],"predecessor-version":[{"id":4596,"href":"https:\/\/defiendase.com\/index.php\/wp-json\/wp\/v2\/posts\/4594\/revisions\/4596"}],"wp:featuredmedia":[{"embeddable":true,"href":"https:\/\/defiendase.com\/index.php\/wp-json\/wp\/v2\/media\/4595"}],"wp:attachment":[{"href":"https:\/\/defiendase.com\/index.php\/wp-json\/wp\/v2\/media?parent=4594"}],"wp:term":[{"taxonomy":"category","embeddable":true,"href":"https:\/\/defiendase.com\/index.php\/wp-json\/wp\/v2\/categories?post=4594"},{"taxonomy":"post_tag","embeddable":true,"href":"https:\/\/defiendase.com\/index.php\/wp-json\/wp\/v2\/tags?post=4594"}],"curies":[{"name":"wp","href":"https:\/\/api.w.org\/{rel}","templated":true}]}}