{"id":4581,"date":"2024-04-05T11:58:26","date_gmt":"2024-04-05T14:58:26","guid":{"rendered":"https:\/\/defiendase.com\/?p=4581"},"modified":"2024-04-05T11:58:31","modified_gmt":"2024-04-05T14:58:31","slug":"crisis-en-la-suprema-corte-bonaerense-una-nueva-renuncia-deja-al-tribunal-con-solo-tres-jueces","status":"publish","type":"post","link":"https:\/\/defiendase.com\/index.php\/crisis-en-la-suprema-corte-bonaerense-una-nueva-renuncia-deja-al-tribunal-con-solo-tres-jueces\/","title":{"rendered":"Crisis en la Suprema Corte bonaerense: Una nueva renuncia deja al tribunal con solo tres jueces"},"content":{"rendered":"\n<p>Luis Genoud present\u00f3 su renuncia como juez de la Suprema Corte Bonaerense y a partir del mes que viene el m\u00e1ximo tribunal de la provincia quedar\u00e1 con cuatro lugares vacantes sobre las siete totales.<\/p>\n\n\n\n<p>El magistrado, que estaba en la Corte desde 2002&nbsp; ya anticip\u00f3 que el 1 de junio dejar\u00e1 de integrar el cuerpo, que quedar\u00e1 con solo tres miembros: Daniel Soria, Sergio Torres e Hilda Kogan. Con este escenario, los jueces que quedan deber\u00e1n convocar a la presidenta del Tribunal de Casaci\u00f3n Penal, Florencia Budi\u00f1o, para poder dictar sentencias.<\/p>\n\n\n\n<p>Esto pone en apuros al gobernador Kicillof, que deber\u00e1 volver a intentar establecer acuerdos con la oposici\u00f3n para poder avanzar en nombramientos que saquen a la Corte de esta situaci\u00f3n cr\u00edtica y acuciante. Las otras bajas fueron por el fallecimiento de H\u00e9ctor Negri en 2020 y la jubilaci\u00f3n de Eduardo de L\u00e1zzari&nbsp; y de Eduardo Pettigiani en 2021.<\/p>\n\n\n\n<p>Por falta de consenso, durante su gobierno Kicillof no pudo lograr que el Senado nombre a ning\u00fan juez en el m\u00e1ximo tribunal. El \u00faltimo pliego aprobado fue el de Torres en 2019, durante la gesti\u00f3n de Mar\u00eda Eugenia Vidal.<\/p>\n\n\n\n<p>A esto hay que agregarle que m\u00e1s del 30% de los cargos judiciales de la provincia, que incluyen a jueces, fiscales y defensores oficiales, est\u00e1n vacantes.<\/p>\n\n\n\n<p>Una situaci\u00f3n cr\u00edtica de la justicia que por ahora la pol\u00edtica, sin capacidad de acuerdos, no ha podido resolver.<\/p>\n","protected":false},"excerpt":{"rendered":"<p>Luis Genoud present\u00f3 su renuncia como juez de la Suprema Corte Bonaerense y a partir<\/p>\n","protected":false},"author":4,"featured_media":4582,"comment_status":"open","ping_status":"open","sticky":false,"template":"","format":"standard","meta":{"om_disable_all_campaigns":false,"_monsterinsights_skip_tracking":false,"_monsterinsights_sitenote_active":false,"_monsterinsights_sitenote_note":"","_monsterinsights_sitenote_category":0},"categories":[18],"tags":[],"aioseo_notices":[],"jetpack_featured_media_url":"https:\/\/defiendase.com\/wp-content\/uploads\/2024\/04\/genoud.webp","post_mailing_queue_ids":[],"_links":{"self":[{"href":"https:\/\/defiendase.com\/index.php\/wp-json\/wp\/v2\/posts\/4581"}],"collection":[{"href":"https:\/\/defiendase.com\/index.php\/wp-json\/wp\/v2\/posts"}],"about":[{"href":"https:\/\/defiendase.com\/index.php\/wp-json\/wp\/v2\/types\/post"}],"author":[{"embeddable":true,"href":"https:\/\/defiendase.com\/index.php\/wp-json\/wp\/v2\/users\/4"}],"replies":[{"embeddable":true,"href":"https:\/\/defiendase.com\/index.php\/wp-json\/wp\/v2\/comments?post=4581"}],"version-history":[{"count":1,"href":"https:\/\/defiendase.com\/index.php\/wp-json\/wp\/v2\/posts\/4581\/revisions"}],"predecessor-version":[{"id":4583,"href":"https:\/\/defiendase.com\/index.php\/wp-json\/wp\/v2\/posts\/4581\/revisions\/4583"}],"wp:featuredmedia":[{"embeddable":true,"href":"https:\/\/defiendase.com\/index.php\/wp-json\/wp\/v2\/media\/4582"}],"wp:attachment":[{"href":"https:\/\/defiendase.com\/index.php\/wp-json\/wp\/v2\/media?parent=4581"}],"wp:term":[{"taxonomy":"category","embeddable":true,"href":"https:\/\/defiendase.com\/index.php\/wp-json\/wp\/v2\/categories?post=4581"},{"taxonomy":"post_tag","embeddable":true,"href":"https:\/\/defiendase.com\/index.php\/wp-json\/wp\/v2\/tags?post=4581"}],"curies":[{"name":"wp","href":"https:\/\/api.w.org\/{rel}","templated":true}]}}