{"id":4572,"date":"2024-04-03T14:36:41","date_gmt":"2024-04-03T17:36:41","guid":{"rendered":"https:\/\/defiendase.com\/?p=4572"},"modified":"2024-04-03T14:49:16","modified_gmt":"2024-04-03T17:49:16","slug":"los-abogados-portenos-le-apuntaron-a-cuneo-libarona-por-la-postulacion-de-lijo-a-la-corte","status":"publish","type":"post","link":"https:\/\/defiendase.com\/index.php\/los-abogados-portenos-le-apuntaron-a-cuneo-libarona-por-la-postulacion-de-lijo-a-la-corte\/","title":{"rendered":"Los abogados porte\u00f1os le apuntaron a C\u00faneo Libarona por la postulaci\u00f3n de Lijo a la corte"},"content":{"rendered":"\n<p>Desde el Colegio de Abogados de la Ciudad salieron a cruzar duramente al ministro de Justicia Mariano C\u00faneo Libarona por sus cr\u00edticas a quienes cuestionaban la postulaci\u00f3n de Ariel Lijo a la Corte Suprema de Justicia.<\/p>\n\n\n\n<p>Seg\u00fan los abogados porte\u00f1os, la designaci\u00f3n de Lijo afectar\u00eda los valores republicanos y la independencia de la Justicia porque \u00abha dado muestras de un comportamiento que no se condice con la imprescindible confianza p\u00fablica que deben despertar quienes ejercen la magistratura\u00bb.<\/p>\n\n\n\n<p>C\u00faneo Libarona hab\u00eda defendido enf\u00e1ticamente la postulaci\u00f3n de&nbsp; Lijo: \u00abHe escuchado a mucha gente que opina que no tiene ni idea de lo que est\u00e1n opinando. No s\u00f3lo es prestigioso en el fuero, lo quieren todos, sus pares y sus superiores. Muchos jueces tuvieron causas. La de Lijo se investig\u00f3 much\u00edsimo, pidieron informes a numerosos lugares y todo termin\u00f3 en un archivo\u201d, sostuvo.<\/p>\n\n\n\n<p>Desde el Colegio rechazaron las declaraciones del ministro a las que calificaron de \u00abdesde\u00f1osas\u00bb y sostuvieron que los postulantes a ocupar cargos en la Corte&nbsp; \u00abdeben ser juristas intachables, con distinguidos antecedentes profesionales y morales; pues la falta de idoneidad o la ausencia de honorabilidad de alguno de ellos, tarde o temprano pero inexorablemente, deshonrar\u00e1 al Tribunal ante la opini\u00f3n p\u00fablica\u00bb.<\/p>\n\n\n\n<p>\u00abPor ello, &#8211; concluye el texto firmado por el directorio- el Colegio de Abogados de la Ciudad de Buenos Aires considera inaceptable y se opone a la candidatura propuesta por el Poder Ejecutivo del juez Lijo\u00bb.<\/p>\n\n\n\n<figure class=\"wp-block-image size-full\"><img loading=\"lazy\" width=\"739\" height=\"812\" src=\"https:\/\/defiendase.com\/wp-content\/uploads\/2024\/04\/Imagen-de-WhatsApp-2024-04-03-a-las-11.48.03_b333b911.jpg\" alt=\"\" class=\"wp-image-4574\" srcset=\"https:\/\/defiendase.com\/wp-content\/uploads\/2024\/04\/Imagen-de-WhatsApp-2024-04-03-a-las-11.48.03_b333b911.jpg 739w, https:\/\/defiendase.com\/wp-content\/uploads\/2024\/04\/Imagen-de-WhatsApp-2024-04-03-a-las-11.48.03_b333b911-273x300.jpg 273w, https:\/\/defiendase.com\/wp-content\/uploads\/2024\/04\/Imagen-de-WhatsApp-2024-04-03-a-las-11.48.03_b333b911-600x659.jpg 600w\" sizes=\"(max-width: 739px) 100vw, 739px\" \/><\/figure>\n","protected":false},"excerpt":{"rendered":"<p>Desde el Colegio de Abogados de la Ciudad salieron a cruzar duramente al ministro de<\/p>\n","protected":false},"author":4,"featured_media":4573,"comment_status":"open","ping_status":"open","sticky":false,"template":"","format":"standard","meta":{"om_disable_all_campaigns":false,"_monsterinsights_skip_tracking":false,"_monsterinsights_sitenote_active":false,"_monsterinsights_sitenote_note":"","_monsterinsights_sitenote_category":0},"categories":[16],"tags":[],"aioseo_notices":[],"jetpack_featured_media_url":"https:\/\/defiendase.com\/wp-content\/uploads\/2024\/04\/Imagen-de-WhatsApp-2024-04-03-a-las-11.48.04_89270d00.jpg","post_mailing_queue_ids":[],"_links":{"self":[{"href":"https:\/\/defiendase.com\/index.php\/wp-json\/wp\/v2\/posts\/4572"}],"collection":[{"href":"https:\/\/defiendase.com\/index.php\/wp-json\/wp\/v2\/posts"}],"about":[{"href":"https:\/\/defiendase.com\/index.php\/wp-json\/wp\/v2\/types\/post"}],"author":[{"embeddable":true,"href":"https:\/\/defiendase.com\/index.php\/wp-json\/wp\/v2\/users\/4"}],"replies":[{"embeddable":true,"href":"https:\/\/defiendase.com\/index.php\/wp-json\/wp\/v2\/comments?post=4572"}],"version-history":[{"count":2,"href":"https:\/\/defiendase.com\/index.php\/wp-json\/wp\/v2\/posts\/4572\/revisions"}],"predecessor-version":[{"id":4576,"href":"https:\/\/defiendase.com\/index.php\/wp-json\/wp\/v2\/posts\/4572\/revisions\/4576"}],"wp:featuredmedia":[{"embeddable":true,"href":"https:\/\/defiendase.com\/index.php\/wp-json\/wp\/v2\/media\/4573"}],"wp:attachment":[{"href":"https:\/\/defiendase.com\/index.php\/wp-json\/wp\/v2\/media?parent=4572"}],"wp:term":[{"taxonomy":"category","embeddable":true,"href":"https:\/\/defiendase.com\/index.php\/wp-json\/wp\/v2\/categories?post=4572"},{"taxonomy":"post_tag","embeddable":true,"href":"https:\/\/defiendase.com\/index.php\/wp-json\/wp\/v2\/tags?post=4572"}],"curies":[{"name":"wp","href":"https:\/\/api.w.org\/{rel}","templated":true}]}}