{"id":4556,"date":"2024-03-28T09:05:23","date_gmt":"2024-03-28T12:05:23","guid":{"rendered":"https:\/\/defiendase.com\/?p=4556"},"modified":"2024-03-28T09:05:26","modified_gmt":"2024-03-28T12:05:26","slug":"nicolas-pachelo-condenado-a-prision-perpetua-por-el-asesinato-de-maria-marta-despues-de-21-anos","status":"publish","type":"post","link":"https:\/\/defiendase.com\/index.php\/nicolas-pachelo-condenado-a-prision-perpetua-por-el-asesinato-de-maria-marta-despues-de-21-anos\/","title":{"rendered":"Nicol\u00e1s Pachelo condenado a prisi\u00f3n perpetua por el asesinato de Mar\u00eda Marta despu\u00e9s de 21 a\u00f1os"},"content":{"rendered":"\n<p>Los jueces de la Sala II de la C\u00e1mara de Casaci\u00f3n Bonaerense, Fernando Mancini Hebeca y Mar\u00eda Florencia Budi\u00f1o, firmaron un fallo hist\u00f3rico al condenar a Nicol\u00e1s Pachelo a prisi\u00f3n perpetua por el asesinato de Mar\u00eda Marta Garc\u00eda Belsunce. Este fallo revierte la absoluci\u00f3n por mayor\u00eda dictada en el juicio de 2022 por el Tribunal Oral en lo Criminal N\u00b04 de San Isidro.<\/p>\n\n\n\n<p>El caso, que ha mantenido en vilo a la opini\u00f3n p\u00fablica durante m\u00e1s de dos d\u00e9cadas, finalmente parece haber llegado a una resoluci\u00f3n definitiva. Mar\u00eda Marta Garc\u00eda Belsunce fue asesinada el 27 de octubre de 2002 en su residencia del country Carmel, en un crimen que gener\u00f3 conmoci\u00f3n en la sociedad argentina. Ahora, despu\u00e9s de 21 a\u00f1os y cinco meses, la Justicia ha establecido que Nicol\u00e1s Pachelo fue el responsable de este horrendo crimen.<\/p>\n\n\n\n<p>Para los magistrados de Casaci\u00f3n, no hay dudas sobre la culpabilidad de Pachelo, quien ingres\u00f3 a la casa de la v\u00edctima con la intenci\u00f3n de robar y acab\u00f3 arrebat\u00e1ndole la vida de cinco disparos en la cabeza. Aunque en el juicio de 2022 fue absuelto por mayor\u00eda, este nuevo fallo establece su responsabilidad en el asesinato de Mar\u00eda Marta Garc\u00eda Belsunce.<\/p>\n\n\n\n<p>Es importante recordar que Nicol\u00e1s Pachelo ya se encuentra cumpliendo condena por otros delitos, espec\u00edficamente por robos en diversos countries, en el penal de Gorina. Sin embargo, esta condena perpetua por el crimen de Mar\u00eda Marta Garc\u00eda Belsunce marca un cap\u00edtulo crucial en este largo derrotero judicial. La defensa de Pachelo tiene ahora la posibilidad de apelar ante la Suprema Corte Bonaerense, lo que podr\u00eda prolongar a\u00fan m\u00e1s este caso que ha mantenido en vilo a la sociedad argentina durante m\u00e1s de dos d\u00e9cadas. Sin embargo, para muchos, este fallo representa un paso fundamental hacia la justicia y el esclarecimiento de uno de los cr\u00edmenes m\u00e1s resonan.<\/p>\n","protected":false},"excerpt":{"rendered":"<p>Los jueces de la Sala II de la C\u00e1mara de Casaci\u00f3n Bonaerense, Fernando Mancini Hebeca<\/p>\n","protected":false},"author":4,"featured_media":4557,"comment_status":"open","ping_status":"open","sticky":false,"template":"","format":"standard","meta":{"om_disable_all_campaigns":false,"_monsterinsights_skip_tracking":false,"_monsterinsights_sitenote_active":false,"_monsterinsights_sitenote_note":"","_monsterinsights_sitenote_category":0},"categories":[16],"tags":[],"aioseo_notices":[],"jetpack_featured_media_url":"https:\/\/defiendase.com\/wp-content\/uploads\/2024\/03\/image-5.png","post_mailing_queue_ids":[],"_links":{"self":[{"href":"https:\/\/defiendase.com\/index.php\/wp-json\/wp\/v2\/posts\/4556"}],"collection":[{"href":"https:\/\/defiendase.com\/index.php\/wp-json\/wp\/v2\/posts"}],"about":[{"href":"https:\/\/defiendase.com\/index.php\/wp-json\/wp\/v2\/types\/post"}],"author":[{"embeddable":true,"href":"https:\/\/defiendase.com\/index.php\/wp-json\/wp\/v2\/users\/4"}],"replies":[{"embeddable":true,"href":"https:\/\/defiendase.com\/index.php\/wp-json\/wp\/v2\/comments?post=4556"}],"version-history":[{"count":1,"href":"https:\/\/defiendase.com\/index.php\/wp-json\/wp\/v2\/posts\/4556\/revisions"}],"predecessor-version":[{"id":4558,"href":"https:\/\/defiendase.com\/index.php\/wp-json\/wp\/v2\/posts\/4556\/revisions\/4558"}],"wp:featuredmedia":[{"embeddable":true,"href":"https:\/\/defiendase.com\/index.php\/wp-json\/wp\/v2\/media\/4557"}],"wp:attachment":[{"href":"https:\/\/defiendase.com\/index.php\/wp-json\/wp\/v2\/media?parent=4556"}],"wp:term":[{"taxonomy":"category","embeddable":true,"href":"https:\/\/defiendase.com\/index.php\/wp-json\/wp\/v2\/categories?post=4556"},{"taxonomy":"post_tag","embeddable":true,"href":"https:\/\/defiendase.com\/index.php\/wp-json\/wp\/v2\/tags?post=4556"}],"curies":[{"name":"wp","href":"https:\/\/api.w.org\/{rel}","templated":true}]}}