{"id":4541,"date":"2024-03-25T16:31:34","date_gmt":"2024-03-25T19:31:34","guid":{"rendered":"https:\/\/defiendase.com\/?p=4541"},"modified":"2024-03-25T16:31:37","modified_gmt":"2024-03-25T19:31:37","slug":"los-abogados-eligen-presidente","status":"publish","type":"post","link":"https:\/\/defiendase.com\/index.php\/los-abogados-eligen-presidente\/","title":{"rendered":"Los abogados eligen presidente"},"content":{"rendered":"\n<p>El 16 de abril el Colegio de la Abogac\u00eda de la Capital Federal ir\u00e1 a elecciones para elegir nuevas autoridades y ya est\u00e1n definidas las listas que se van a presentar. Ser\u00e1n las mismas que compitieron en 2022 pero, en algunos casos, los nombres cambian.<\/p>\n\n\n\n<p>El actual presidente, Ricardo Gil Lavedra, ir\u00e1 por la reelecci\u00f3n encabezando el espacio \u00abUnidad en defensa de la abogac\u00eda\u00bb y deber\u00e1 enfrentar a una lista encabezada por quien fue hasta hace poco su\u00a0 vicepresidenta, Patricia Trotta, que ahora se presenta por la opci\u00f3n \u00abGente de Derecho\u00bb. La tercera agrupaci\u00f3n que buscar\u00e1 presidir el Colegio es \u00abEspacio abierto de la abogac\u00eda\u00bb, que postula a Rub\u00e9n Ramos.<\/p>\n\n\n\n<p>Quien gane las elecciones asumir\u00e1 su mandato por dos a\u00f1os a partir del 30 de mayo. Pero adem\u00e1s de la presidencia, la votaci\u00f3n determinar\u00e1 la conformaci\u00f3n del Consejo Directivo, el Tribunal de Disciplina y de la Asamblea de Delegados.<\/p>\n\n\n\n<p>Si bien Gil Lavedra cuenta con fuerte apoyo pol\u00edtico de la UCR y del PRO, deber\u00e1 medir fuerzas con la lista de \u00abGente de Derecho\u00bb, que tuvo el control de la entidad desde 2006 hasta 2022 y, adem\u00e1s de estar encabezada por su ex vice, tiene entre sus referentes al integrante del Consejo de la Magistratura Jorge Rizzo y goza de un armado muy amplio con letrados identificados con distintos partidos.<\/p>\n\n\n\n<p>La lista de Rub\u00e9n Ramos, que es el actual secretario general de la Asociaci\u00f3n Gremial de Abogados del Estado, sabe que corre de atr\u00e1s y que tiene menos chances de ganar. Se muestran como independientes los partidos pol\u00edticos y buscar\u00e1n ganar protagonismo de cara al futuro.&nbsp;<\/p>\n\n\n\n<p>La campa\u00f1a ya est\u00e1 en marcha y en pocos d\u00edas se definir\u00e1 el futuro de una de las entidades profesionales con m\u00e1s peso en la justicia, que tambi\u00e9n tiene fuerte injerencia en el escenario pol\u00edtico.<\/p>\n\n\n\n<p><\/p>\n\n\n\n<p><\/p>\n","protected":false},"excerpt":{"rendered":"<p>El 16 de abril el Colegio de la Abogac\u00eda de la Capital Federal ir\u00e1 a<\/p>\n","protected":false},"author":4,"featured_media":4545,"comment_status":"open","ping_status":"open","sticky":false,"template":"","format":"standard","meta":{"om_disable_all_campaigns":false,"_monsterinsights_skip_tracking":false,"_monsterinsights_sitenote_active":false,"_monsterinsights_sitenote_note":"","_monsterinsights_sitenote_category":0},"categories":[1],"tags":[],"aioseo_notices":[],"jetpack_featured_media_url":"https:\/\/defiendase.com\/wp-content\/uploads\/2024\/03\/Diseno-sin-titulo.png","post_mailing_queue_ids":[],"_links":{"self":[{"href":"https:\/\/defiendase.com\/index.php\/wp-json\/wp\/v2\/posts\/4541"}],"collection":[{"href":"https:\/\/defiendase.com\/index.php\/wp-json\/wp\/v2\/posts"}],"about":[{"href":"https:\/\/defiendase.com\/index.php\/wp-json\/wp\/v2\/types\/post"}],"author":[{"embeddable":true,"href":"https:\/\/defiendase.com\/index.php\/wp-json\/wp\/v2\/users\/4"}],"replies":[{"embeddable":true,"href":"https:\/\/defiendase.com\/index.php\/wp-json\/wp\/v2\/comments?post=4541"}],"version-history":[{"count":1,"href":"https:\/\/defiendase.com\/index.php\/wp-json\/wp\/v2\/posts\/4541\/revisions"}],"predecessor-version":[{"id":4546,"href":"https:\/\/defiendase.com\/index.php\/wp-json\/wp\/v2\/posts\/4541\/revisions\/4546"}],"wp:featuredmedia":[{"embeddable":true,"href":"https:\/\/defiendase.com\/index.php\/wp-json\/wp\/v2\/media\/4545"}],"wp:attachment":[{"href":"https:\/\/defiendase.com\/index.php\/wp-json\/wp\/v2\/media?parent=4541"}],"wp:term":[{"taxonomy":"category","embeddable":true,"href":"https:\/\/defiendase.com\/index.php\/wp-json\/wp\/v2\/categories?post=4541"},{"taxonomy":"post_tag","embeddable":true,"href":"https:\/\/defiendase.com\/index.php\/wp-json\/wp\/v2\/tags?post=4541"}],"curies":[{"name":"wp","href":"https:\/\/api.w.org\/{rel}","templated":true}]}}