{"id":4532,"date":"2024-03-22T14:41:34","date_gmt":"2024-03-22T17:41:34","guid":{"rendered":"https:\/\/defiendase.com\/?p=4532"},"modified":"2024-03-22T14:41:37","modified_gmt":"2024-03-22T17:41:37","slug":"la-jugada-de-milei-para-tener-una-corte-mas-afin","status":"publish","type":"post","link":"https:\/\/defiendase.com\/index.php\/la-jugada-de-milei-para-tener-una-corte-mas-afin\/","title":{"rendered":"La jugada de Milei para tener una Corte m\u00e1s af\u00edn"},"content":{"rendered":"\n<p>El presidente Javier Milei anunci\u00f3 que enviar\u00e1 al Senado los pliegos del juez Ariel Lijo y del abogado acad\u00e9mico Manuel Garc\u00eda Mansilla, que actualmente es decano del a facultad de Derecho de la Universidad Austral , para ocupar las vacantes de Elena Highton de Nolasco y de Carlos Maqueda, que en diciembre cumplir\u00e1 75 a\u00f1os, en la Corte Suprema.&nbsp;<\/p>\n\n\n\n<p>La jugada tiene mucho de estrategia. Desde el Gobierno consideran que la Corte no apoy\u00f3 en estos primeros 100 d\u00edas las iniciativas de reforma que salieron desde la Casa Rosada, por ejemplo el DNU, y con estas designaciones buscan darle un impulso judicial a causas que permanecen trabadas \u00aba la espera de que las resuelva la pol\u00edtica\u00bb, como dicen por lo bajo los actuales jueces del m\u00e1ximo tribunal.<\/p>\n\n\n\n<p>Es sabido que Garc\u00eda Mansilla, por ejemplo, se manifest\u00f3 a favor de la dolarizaci\u00f3n y en contra de la legalidad del aborto y que Ariel Lijo es un juez cercano a Ricardo Lorenzetti, que est\u00e1 enfrentado con el actual presidente de la Corte, Horacio Rosatti.<\/p>\n\n\n\n<p>La vicepresidenta Victoria Villarruel, que tendr\u00e1 el desaf\u00edo de conducir las sesiones en la que se debatir\u00e1n los pliegos en el Senado, se manifest\u00f3 a favor de la elecci\u00f3n de Garc\u00eda Mansilla pero critic\u00f3 la de Ariel Lijo, a quien acusa de \u00abmantener en un limbo eterno\u00bb la causa por el asesinato de Jos\u00e9 Ignacio Rucci a manos, seg\u00fan ella, de la organizaci\u00f3n Montoneros.<\/p>\n\n\n\n<p>Ser\u00e1 en el Senado donde esta primera movida judicial de peso de Javier Milei tenga su principal prueba: all\u00ed deber\u00e1 acordar con el bloque de Uni\u00f3n por la Patria, porque para las designaciones se necesita el voto positivo de dos tercios de la c\u00e1mara. Por esa raz\u00f3n desde el Gobierno esperan y hacen cuentas: no quieren que el mismo recinto que le baj\u00f3 el pulgar al DNU entorpezca un armado que consideran clave para tener algo de aire en el terreno de la justicia en el futuro.<\/p>\n","protected":false},"excerpt":{"rendered":"<p>El presidente Javier Milei anunci\u00f3 que enviar\u00e1 al Senado los pliegos del juez Ariel Lijo<\/p>\n","protected":false},"author":4,"featured_media":4533,"comment_status":"open","ping_status":"open","sticky":false,"template":"","format":"standard","meta":{"om_disable_all_campaigns":false,"_monsterinsights_skip_tracking":false,"_monsterinsights_sitenote_active":false,"_monsterinsights_sitenote_note":"","_monsterinsights_sitenote_category":0},"categories":[18],"tags":[],"aioseo_notices":[],"jetpack_featured_media_url":"https:\/\/defiendase.com\/wp-content\/uploads\/2024\/03\/jueces.webp","post_mailing_queue_ids":[],"_links":{"self":[{"href":"https:\/\/defiendase.com\/index.php\/wp-json\/wp\/v2\/posts\/4532"}],"collection":[{"href":"https:\/\/defiendase.com\/index.php\/wp-json\/wp\/v2\/posts"}],"about":[{"href":"https:\/\/defiendase.com\/index.php\/wp-json\/wp\/v2\/types\/post"}],"author":[{"embeddable":true,"href":"https:\/\/defiendase.com\/index.php\/wp-json\/wp\/v2\/users\/4"}],"replies":[{"embeddable":true,"href":"https:\/\/defiendase.com\/index.php\/wp-json\/wp\/v2\/comments?post=4532"}],"version-history":[{"count":1,"href":"https:\/\/defiendase.com\/index.php\/wp-json\/wp\/v2\/posts\/4532\/revisions"}],"predecessor-version":[{"id":4534,"href":"https:\/\/defiendase.com\/index.php\/wp-json\/wp\/v2\/posts\/4532\/revisions\/4534"}],"wp:featuredmedia":[{"embeddable":true,"href":"https:\/\/defiendase.com\/index.php\/wp-json\/wp\/v2\/media\/4533"}],"wp:attachment":[{"href":"https:\/\/defiendase.com\/index.php\/wp-json\/wp\/v2\/media?parent=4532"}],"wp:term":[{"taxonomy":"category","embeddable":true,"href":"https:\/\/defiendase.com\/index.php\/wp-json\/wp\/v2\/categories?post=4532"},{"taxonomy":"post_tag","embeddable":true,"href":"https:\/\/defiendase.com\/index.php\/wp-json\/wp\/v2\/tags?post=4532"}],"curies":[{"name":"wp","href":"https:\/\/api.w.org\/{rel}","templated":true}]}}