{"id":4507,"date":"2024-03-14T12:21:16","date_gmt":"2024-03-14T15:21:16","guid":{"rendered":"https:\/\/defiendase.com\/?p=4507"},"modified":"2024-03-14T12:21:20","modified_gmt":"2024-03-14T15:21:20","slug":"seis-lideres-piqueteros-a-juicio-por-cortar-la-calle","status":"publish","type":"post","link":"https:\/\/defiendase.com\/index.php\/seis-lideres-piqueteros-a-juicio-por-cortar-la-calle\/","title":{"rendered":"Seis l\u00edderes piqueteros a juicio por cortar la calle"},"content":{"rendered":"\n<p>Desde la asunci\u00f3n de Javier Milei y con la implementaci\u00f3n del Protocolo Antipiquetes, la protesta social en Argentina qued\u00f3 muy limitada. Y el lente de la justicia tambi\u00e9n se modific\u00f3, incluso para causas que son anteriores al cambio de gobierno. Ahora una jueza de C\u00f3rdoba llev\u00f3 a juicio a seis dirigentes piqueteros acusados de cortar la calle durante una protesta en el mes de abril de 2023.<\/p>\n\n\n\n<p>Los acusados son Roxana Carezano, Agust\u00edn Nazar, Emanuel Berardo, Federico Giuliani, Marisa Cariddi y Soledad D\u00edaz, que lideraron un corte durante una marcha en Col\u00f3n y General Paz, pleno centro de la capital provincial, el 5 de abril pasado en el marco de una protesta con m\u00e1s de 100 piquetes y cortes de ruta. Todos est\u00e1n imputados por el delito de impedimento u obstrucci\u00f3n de transporte o servicios p\u00fablicos.<\/p>\n\n\n\n<p>En la resoluci\u00f3n, la jueza Anah\u00ed Hampartzounian, sostiene que hubo una \u00abaniquilaci\u00f3n del derecho a circular producto de lo que se considera un ejercicio abusivo del derecho de protesta, que implic\u00f3 que un n\u00famero indeterminado de personas \u2013por cuya libertad tambi\u00e9n es necesario velar- se vieran impedidas de ingresar o salir de su domicilio, acceder al transporte p\u00fablico de pasajeros e incluso ser asistidos por servicios m\u00e9dicos de emergencia\u00bb.<\/p>\n\n\n\n<p>La magistrada aclar\u00f3 que su decisi\u00f3n de llevar a los imputados a juicio \u00abdista de pretender criminalizar la protesta\u00bb y, por el contrario, busca \u00abla armonizaci\u00f3n de derechos\u00bb y una \u00abconvivencia social ordenada y respetuosa\u00bb.<\/p>\n","protected":false},"excerpt":{"rendered":"<p>Desde la asunci\u00f3n de Javier Milei y con la implementaci\u00f3n del Protocolo Antipiquetes, la protesta<\/p>\n","protected":false},"author":4,"featured_media":4508,"comment_status":"open","ping_status":"open","sticky":false,"template":"","format":"standard","meta":{"om_disable_all_campaigns":false,"_monsterinsights_skip_tracking":false,"_monsterinsights_sitenote_active":false,"_monsterinsights_sitenote_note":"","_monsterinsights_sitenote_category":0},"categories":[16],"tags":[],"aioseo_notices":[],"jetpack_featured_media_url":"https:\/\/defiendase.com\/wp-content\/uploads\/2024\/03\/WhatsApp-Image-2024-03-14-at-11.26.53.jpeg","post_mailing_queue_ids":[],"_links":{"self":[{"href":"https:\/\/defiendase.com\/index.php\/wp-json\/wp\/v2\/posts\/4507"}],"collection":[{"href":"https:\/\/defiendase.com\/index.php\/wp-json\/wp\/v2\/posts"}],"about":[{"href":"https:\/\/defiendase.com\/index.php\/wp-json\/wp\/v2\/types\/post"}],"author":[{"embeddable":true,"href":"https:\/\/defiendase.com\/index.php\/wp-json\/wp\/v2\/users\/4"}],"replies":[{"embeddable":true,"href":"https:\/\/defiendase.com\/index.php\/wp-json\/wp\/v2\/comments?post=4507"}],"version-history":[{"count":1,"href":"https:\/\/defiendase.com\/index.php\/wp-json\/wp\/v2\/posts\/4507\/revisions"}],"predecessor-version":[{"id":4509,"href":"https:\/\/defiendase.com\/index.php\/wp-json\/wp\/v2\/posts\/4507\/revisions\/4509"}],"wp:featuredmedia":[{"embeddable":true,"href":"https:\/\/defiendase.com\/index.php\/wp-json\/wp\/v2\/media\/4508"}],"wp:attachment":[{"href":"https:\/\/defiendase.com\/index.php\/wp-json\/wp\/v2\/media?parent=4507"}],"wp:term":[{"taxonomy":"category","embeddable":true,"href":"https:\/\/defiendase.com\/index.php\/wp-json\/wp\/v2\/categories?post=4507"},{"taxonomy":"post_tag","embeddable":true,"href":"https:\/\/defiendase.com\/index.php\/wp-json\/wp\/v2\/tags?post=4507"}],"curies":[{"name":"wp","href":"https:\/\/api.w.org\/{rel}","templated":true}]}}