{"id":4504,"date":"2024-03-14T12:18:29","date_gmt":"2024-03-14T15:18:29","guid":{"rendered":"https:\/\/defiendase.com\/?p=4504"},"modified":"2024-03-14T12:18:33","modified_gmt":"2024-03-14T15:18:33","slug":"los-derechos-no-se-toman-vacaciones","status":"publish","type":"post","link":"https:\/\/defiendase.com\/index.php\/los-derechos-no-se-toman-vacaciones\/","title":{"rendered":"Los derechos no se toman vacaciones"},"content":{"rendered":"\n<p>En el marco del \u00abD\u00eda Mundial de los Derechos de los Consumidores\u00bb, este viernes 15 a las 9:30 de la ma\u00f1ana, en la emblem\u00e1tica esquina Homero Manzi en San Juan y Boedo,&nbsp; la Secretar\u00eda de Turismo de la Naci\u00f3n presentar\u00e1 el \u00abPrograma de Protecci\u00f3n al Consumidor Turista\u00bb, cuyo fin es fortalecer y proteger los derechos de los turistas como consumidores y usuarios de bienes y servicios.<\/p>\n\n\n\n<p>Se trata de una pol\u00edtica p\u00fablica de resoluci\u00f3n de reclamos de consumo que busca dar respuestas dentro de las 24 horas de presentadas las denuncias y alcanzar\u00e1 tanto a turistas residentes como extranjeros.<\/p>\n\n\n\n<p>Seg\u00fan la Secretar\u00eda de Turismo, esto posiciona al pa\u00eds dentro de los mejores est\u00e1ndares internacionales en la protecci\u00f3n de los consumidores turistas.<\/p>\n","protected":false},"excerpt":{"rendered":"<p>En el marco del \u00abD\u00eda Mundial de los Derechos de los Consumidores\u00bb, este viernes 15<\/p>\n","protected":false},"author":4,"featured_media":4505,"comment_status":"open","ping_status":"open","sticky":false,"template":"","format":"standard","meta":{"om_disable_all_campaigns":false,"_monsterinsights_skip_tracking":false,"_monsterinsights_sitenote_active":false,"_monsterinsights_sitenote_note":"","_monsterinsights_sitenote_category":0},"categories":[5],"tags":[],"aioseo_notices":[],"jetpack_featured_media_url":"https:\/\/defiendase.com\/wp-content\/uploads\/2024\/03\/turista.png","post_mailing_queue_ids":[],"_links":{"self":[{"href":"https:\/\/defiendase.com\/index.php\/wp-json\/wp\/v2\/posts\/4504"}],"collection":[{"href":"https:\/\/defiendase.com\/index.php\/wp-json\/wp\/v2\/posts"}],"about":[{"href":"https:\/\/defiendase.com\/index.php\/wp-json\/wp\/v2\/types\/post"}],"author":[{"embeddable":true,"href":"https:\/\/defiendase.com\/index.php\/wp-json\/wp\/v2\/users\/4"}],"replies":[{"embeddable":true,"href":"https:\/\/defiendase.com\/index.php\/wp-json\/wp\/v2\/comments?post=4504"}],"version-history":[{"count":1,"href":"https:\/\/defiendase.com\/index.php\/wp-json\/wp\/v2\/posts\/4504\/revisions"}],"predecessor-version":[{"id":4506,"href":"https:\/\/defiendase.com\/index.php\/wp-json\/wp\/v2\/posts\/4504\/revisions\/4506"}],"wp:featuredmedia":[{"embeddable":true,"href":"https:\/\/defiendase.com\/index.php\/wp-json\/wp\/v2\/media\/4505"}],"wp:attachment":[{"href":"https:\/\/defiendase.com\/index.php\/wp-json\/wp\/v2\/media?parent=4504"}],"wp:term":[{"taxonomy":"category","embeddable":true,"href":"https:\/\/defiendase.com\/index.php\/wp-json\/wp\/v2\/categories?post=4504"},{"taxonomy":"post_tag","embeddable":true,"href":"https:\/\/defiendase.com\/index.php\/wp-json\/wp\/v2\/tags?post=4504"}],"curies":[{"name":"wp","href":"https:\/\/api.w.org\/{rel}","templated":true}]}}