{"id":4501,"date":"2024-03-13T22:48:38","date_gmt":"2024-03-14T01:48:38","guid":{"rendered":"https:\/\/defiendase.com\/?p=4501"},"modified":"2024-03-13T22:48:41","modified_gmt":"2024-03-14T01:48:41","slug":"la-justicia-de-santa-fe-expulso-a-dos-mujeres-de-la-provincia-por-narcomenudeo","status":"publish","type":"post","link":"https:\/\/defiendase.com\/index.php\/la-justicia-de-santa-fe-expulso-a-dos-mujeres-de-la-provincia-por-narcomenudeo\/","title":{"rendered":"La justicia de Santa Fe expuls\u00f3 a dos mujeres de la provincia por narcomenudeo"},"content":{"rendered":"\n<p>En un fallo in\u00e9dito la Justicia de Santa Fe expuls\u00f3 de la provincia a dos mujeres acusadas de vender droga en peque\u00f1a escala. Para eso, los jueces se basaron en la nueva \u00abley de microtr\u00e1fico\u00bb, impulsada por el gobernador Maximiliano Pullaro.<\/p>\n\n\n\n<p>Las hermanas Milagros y&nbsp; Mayra Pedrozo fueron detenidas en un operativo en el que les secuestraron envoltorios de coca\u00edna, celulares, cuchillos y dinero. Ya ven\u00edan siendo investigadas por el fiscal Franco Ben\u00edtez y ambas fueron trasladadas a la comisar\u00eda e interrogadas. Con esos elementos, el fiscal orden\u00f3 nuevos allanamientos, en los que se secuestraron armas, y plantas de marihuana.<\/p>\n\n\n\n<p>La causa deriv\u00f3 en un proceso en tribunales en el que el fiscal pidi\u00f3 la prisi\u00f3n preventiva, pero la jueza lo rechaz\u00f3. Sin embargo, la magistrada acept\u00f3 la imputaci\u00f3n por tenencia de estupefacientes con fines de comercializaci\u00f3n y orden\u00f3 que ambas sean expulsadas de la provincia, fijen domicilio en C\u00f3rdoba y tengan prohibido volver a entrar a Santa Fe.<\/p>\n\n\n\n<p>La decisi\u00f3n judicial se bas\u00f3 en la nueva normativa que se implement\u00f3 tras la asunci\u00f3n de la nueva administraci\u00f3n provincial y que permite que las causas de narcomenudeo queden en manos de la justicia provincial en lugar de pasar a la justicia federal.<\/p>\n\n\n\n<p>Seg\u00fan los expertos, con el viejo r\u00e9gimen, la poca cantidad de droga que se les secuestr\u00f3 a las acusadas les garantizaba con seguridad la libertad. Ahora, gracias a este avance, eso cambi\u00f3, al menos en Santa Fe.&nbsp;<\/p>\n","protected":false},"excerpt":{"rendered":"<p>En un fallo in\u00e9dito la Justicia de Santa Fe expuls\u00f3 de la provincia a dos<\/p>\n","protected":false},"author":4,"featured_media":4502,"comment_status":"open","ping_status":"open","sticky":false,"template":"","format":"standard","meta":{"om_disable_all_campaigns":false,"_monsterinsights_skip_tracking":false,"_monsterinsights_sitenote_active":false,"_monsterinsights_sitenote_note":"","_monsterinsights_sitenote_category":0},"categories":[16],"tags":[],"aioseo_notices":[],"jetpack_featured_media_url":"https:\/\/defiendase.com\/wp-content\/uploads\/2024\/03\/unnamed-file.jpg","post_mailing_queue_ids":[],"_links":{"self":[{"href":"https:\/\/defiendase.com\/index.php\/wp-json\/wp\/v2\/posts\/4501"}],"collection":[{"href":"https:\/\/defiendase.com\/index.php\/wp-json\/wp\/v2\/posts"}],"about":[{"href":"https:\/\/defiendase.com\/index.php\/wp-json\/wp\/v2\/types\/post"}],"author":[{"embeddable":true,"href":"https:\/\/defiendase.com\/index.php\/wp-json\/wp\/v2\/users\/4"}],"replies":[{"embeddable":true,"href":"https:\/\/defiendase.com\/index.php\/wp-json\/wp\/v2\/comments?post=4501"}],"version-history":[{"count":1,"href":"https:\/\/defiendase.com\/index.php\/wp-json\/wp\/v2\/posts\/4501\/revisions"}],"predecessor-version":[{"id":4503,"href":"https:\/\/defiendase.com\/index.php\/wp-json\/wp\/v2\/posts\/4501\/revisions\/4503"}],"wp:featuredmedia":[{"embeddable":true,"href":"https:\/\/defiendase.com\/index.php\/wp-json\/wp\/v2\/media\/4502"}],"wp:attachment":[{"href":"https:\/\/defiendase.com\/index.php\/wp-json\/wp\/v2\/media?parent=4501"}],"wp:term":[{"taxonomy":"category","embeddable":true,"href":"https:\/\/defiendase.com\/index.php\/wp-json\/wp\/v2\/categories?post=4501"},{"taxonomy":"post_tag","embeddable":true,"href":"https:\/\/defiendase.com\/index.php\/wp-json\/wp\/v2\/tags?post=4501"}],"curies":[{"name":"wp","href":"https:\/\/api.w.org\/{rel}","templated":true}]}}