{"id":4485,"date":"2024-03-06T14:30:58","date_gmt":"2024-03-06T17:30:58","guid":{"rendered":"https:\/\/defiendase.com\/?p=4485"},"modified":"2024-03-06T14:31:01","modified_gmt":"2024-03-06T17:31:01","slug":"amor-multiplicado-6-hermanitos-fueron-adoptados-juntos-y-lograron-no-separarse","status":"publish","type":"post","link":"https:\/\/defiendase.com\/index.php\/amor-multiplicado-6-hermanitos-fueron-adoptados-juntos-y-lograron-no-separarse\/","title":{"rendered":"Amor multiplicado: 6 hermanitos fueron adoptados juntos y lograron no separarse"},"content":{"rendered":"\n<p>La Justicia de Corrientes pudo cumplir el deseo de 6 hermanitos que quer\u00edan seguir juntos y los dio en adopci\u00f3n a una pareja de mujeres de Santa Fe.<\/p>\n\n\n\n<p>La iniciativa fue de la jueza de Familia Carolina Macarrein, que impuls\u00f3 una convocatoria p\u00fablica para encontrar a una familia que quisiera adoptar a los 6 chiquitos, que tienen entre 3 y 10 a\u00f1os, sin separarlos.<\/p>\n\n\n\n<p>Pero antes de buscar la adopci\u00f3n conjunta, la justicia se hab\u00eda abocado a encontrar familiares directos que pudieran hacerse cargo e incluso se hab\u00eda revisado el registro de postulantes de guarda adoptiva, pero ninguno hab\u00eda aceptado quedarse con los 6 hermanos.<\/p>\n\n\n\n<p>Pese a las dificultades que presentaba el caso, en el juzgado mantuvieron la esperanza. Y as\u00ed aparecieron Elisa y Eliana, una pareja de mujeres que conviven hace m\u00e1s de 20 a\u00f1os, y se presentaron pidiendo convertirse en las madres de los chicos. Despu\u00e9s de un exhaustivo proceso de investigaci\u00f3n y entrevistas, la jueza resolvi\u00f3 darle la guarda provisoria de los hermanos para evaluar su adaptaci\u00f3n.<\/p>\n\n\n\n<p>Luego de 3 meses de convivencia provisional, la magistrada consider\u00f3 que todas las condiciones para otorgar la adopci\u00f3n legal estaban dadas. De esta forma se dio el paso formal que extingue todo v\u00ednculo jur\u00eddico con la familia de origen y les da a las dos adoptantes la patria potestad y todos los derechos como progenitoras.<\/p>\n\n\n\n<p>La semana pasada, los chicos empezaron las clases en su nueva ciudad y sus dos mam\u00e1s est\u00e1n m\u00e1s que orgullosas. Gracias a una justicia humana y emp\u00e1tica y a su enorme coraje para abrirles su casa y su coraz\u00f3n, los 6 hermanitos correntinos tienen una nueva familia, volvieron a vivir todos juntos y podr\u00e1n proyectar un futuro seguro.<\/p>\n","protected":false},"excerpt":{"rendered":"<p>La Justicia de Corrientes pudo cumplir el deseo de 6 hermanitos que quer\u00edan seguir juntos<\/p>\n","protected":false},"author":4,"featured_media":4486,"comment_status":"open","ping_status":"open","sticky":false,"template":"","format":"standard","meta":{"om_disable_all_campaigns":false,"_monsterinsights_skip_tracking":false,"_monsterinsights_sitenote_active":false,"_monsterinsights_sitenote_note":"","_monsterinsights_sitenote_category":0},"categories":[252],"tags":[],"aioseo_notices":[],"jetpack_featured_media_url":"https:\/\/defiendase.com\/wp-content\/uploads\/2024\/03\/hermanos.jpg","post_mailing_queue_ids":[],"_links":{"self":[{"href":"https:\/\/defiendase.com\/index.php\/wp-json\/wp\/v2\/posts\/4485"}],"collection":[{"href":"https:\/\/defiendase.com\/index.php\/wp-json\/wp\/v2\/posts"}],"about":[{"href":"https:\/\/defiendase.com\/index.php\/wp-json\/wp\/v2\/types\/post"}],"author":[{"embeddable":true,"href":"https:\/\/defiendase.com\/index.php\/wp-json\/wp\/v2\/users\/4"}],"replies":[{"embeddable":true,"href":"https:\/\/defiendase.com\/index.php\/wp-json\/wp\/v2\/comments?post=4485"}],"version-history":[{"count":1,"href":"https:\/\/defiendase.com\/index.php\/wp-json\/wp\/v2\/posts\/4485\/revisions"}],"predecessor-version":[{"id":4487,"href":"https:\/\/defiendase.com\/index.php\/wp-json\/wp\/v2\/posts\/4485\/revisions\/4487"}],"wp:featuredmedia":[{"embeddable":true,"href":"https:\/\/defiendase.com\/index.php\/wp-json\/wp\/v2\/media\/4486"}],"wp:attachment":[{"href":"https:\/\/defiendase.com\/index.php\/wp-json\/wp\/v2\/media?parent=4485"}],"wp:term":[{"taxonomy":"category","embeddable":true,"href":"https:\/\/defiendase.com\/index.php\/wp-json\/wp\/v2\/categories?post=4485"},{"taxonomy":"post_tag","embeddable":true,"href":"https:\/\/defiendase.com\/index.php\/wp-json\/wp\/v2\/tags?post=4485"}],"curies":[{"name":"wp","href":"https:\/\/api.w.org\/{rel}","templated":true}]}}