{"id":4482,"date":"2024-03-05T17:08:19","date_gmt":"2024-03-05T20:08:19","guid":{"rendered":"https:\/\/defiendase.com\/?p=4482"},"modified":"2024-03-05T17:08:22","modified_gmt":"2024-03-05T20:08:22","slug":"cuneo-libarola-sobre-el-estado-de-la-justicia-herede-un-ministerio-con-20-de-noquis","status":"publish","type":"post","link":"https:\/\/defiendase.com\/index.php\/cuneo-libarola-sobre-el-estado-de-la-justicia-herede-un-ministerio-con-20-de-noquis\/","title":{"rendered":"C\u00faneo Libarola, sobre el estado de la Justicia: \u00abHered\u00e9 un ministerio con 20% de \u00f1oquis\u00bb"},"content":{"rendered":"\n<p>Mariano C\u00faneo Libarona sostuvo que abri\u00f3 una investigaci\u00f3n porque cuando asumi\u00f3 en el Ministerio de Justicia se encontr\u00f3 con una serie de ins\u00f3litas irregularidades que van desde gente viviendo en dependencias oficiales hasta un galp\u00f3n de dep\u00f3sito donde funcionaba una cueva de compra y venta de d\u00f3lares.<\/p>\n\n\n\n<p>\u00abHay varios organismos bajo investigaci\u00f3n\u00bb, sostuvo el funcionario en una entrevista en TN, donde detall\u00f3 que en unas cocheras hab\u00eda gente durmiendo en camas y que en una dependencia oficial se encontr\u00f3 a \u00abun se\u00f1or en musculosa y ojotas haciendo milanesas y mirando televisi\u00f3n\u00bb.<\/p>\n\n\n\n<p>\u00abEstamos tratando de tener un ministerio prolijo, ordenado y eficiente\u00bb, dijo C\u00faneo que se quej\u00f3 de que en Justicia funcionaba \u00abun aparato organizado para poder nombrar personas afines que capten votos\u00bb.<\/p>\n\n\n\n<p>\u00abHered\u00e9 un ministerio de 7.035 empleados con un porcentaje de \u00f1oquis de entre el 15 o el 20%\u00bb describi\u00f3 y explic\u00f3 que, por ejemplo, en \u00abuna oficina donde deb\u00eda haber 75 personas solo hab\u00eda 7\u00bb.&nbsp;<\/p>\n\n\n\n<p>Asegur\u00f3 que tiene videos para respaldar la investigaci\u00f3n y las denuncias y anticip\u00f3 despidos para sanear el ministerio. \u00abLes puedo asegurar que es para escribir un libro\u00bb, cerr\u00f3.&nbsp;C\u00faneo Liba<\/p>\n","protected":false},"excerpt":{"rendered":"<p>Mariano C\u00faneo Libarona sostuvo que abri\u00f3 una investigaci\u00f3n porque cuando asumi\u00f3 en el Ministerio de<\/p>\n","protected":false},"author":4,"featured_media":4483,"comment_status":"open","ping_status":"open","sticky":false,"template":"","format":"standard","meta":{"om_disable_all_campaigns":false,"_monsterinsights_skip_tracking":false,"_monsterinsights_sitenote_active":false,"_monsterinsights_sitenote_note":"","_monsterinsights_sitenote_category":0},"categories":[16],"tags":[],"aioseo_notices":[],"jetpack_featured_media_url":"https:\/\/defiendase.com\/wp-content\/uploads\/2024\/03\/IMG_8199.jpeg","post_mailing_queue_ids":[],"_links":{"self":[{"href":"https:\/\/defiendase.com\/index.php\/wp-json\/wp\/v2\/posts\/4482"}],"collection":[{"href":"https:\/\/defiendase.com\/index.php\/wp-json\/wp\/v2\/posts"}],"about":[{"href":"https:\/\/defiendase.com\/index.php\/wp-json\/wp\/v2\/types\/post"}],"author":[{"embeddable":true,"href":"https:\/\/defiendase.com\/index.php\/wp-json\/wp\/v2\/users\/4"}],"replies":[{"embeddable":true,"href":"https:\/\/defiendase.com\/index.php\/wp-json\/wp\/v2\/comments?post=4482"}],"version-history":[{"count":1,"href":"https:\/\/defiendase.com\/index.php\/wp-json\/wp\/v2\/posts\/4482\/revisions"}],"predecessor-version":[{"id":4484,"href":"https:\/\/defiendase.com\/index.php\/wp-json\/wp\/v2\/posts\/4482\/revisions\/4484"}],"wp:featuredmedia":[{"embeddable":true,"href":"https:\/\/defiendase.com\/index.php\/wp-json\/wp\/v2\/media\/4483"}],"wp:attachment":[{"href":"https:\/\/defiendase.com\/index.php\/wp-json\/wp\/v2\/media?parent=4482"}],"wp:term":[{"taxonomy":"category","embeddable":true,"href":"https:\/\/defiendase.com\/index.php\/wp-json\/wp\/v2\/categories?post=4482"},{"taxonomy":"post_tag","embeddable":true,"href":"https:\/\/defiendase.com\/index.php\/wp-json\/wp\/v2\/tags?post=4482"}],"curies":[{"name":"wp","href":"https:\/\/api.w.org\/{rel}","templated":true}]}}