{"id":4463,"date":"2024-02-28T14:32:41","date_gmt":"2024-02-28T17:32:41","guid":{"rendered":"https:\/\/defiendase.com\/?p=4463"},"modified":"2024-02-28T14:32:43","modified_gmt":"2024-02-28T17:32:43","slug":"tras-el-reves-judicial-por-chubut-el-gobierno-analizar-pedir-un-per-saltum","status":"publish","type":"post","link":"https:\/\/defiendase.com\/index.php\/tras-el-reves-judicial-por-chubut-el-gobierno-analizar-pedir-un-per-saltum\/","title":{"rendered":"Tras el rev\u00e9s judicial por Chubut, el gobierno analizar pedir un per saltum"},"content":{"rendered":"\n<p>El fallo del juez federal de Rawson Hugo Ricardo Sastre, el mismo que ya hab\u00eda suspendido la quita de subsidios al transporte a Chubut, se ve\u00eda venir en la Casa Rosada, aunque tal vez no tan r\u00e1pido. El juez analiz\u00f3 la denuncia de la provincia contra la Naci\u00f3n por la retenci\u00f3n de unos 13 mil millones de pesos de la coparticipaci\u00f3n y orden\u00f3 que el Gobierno nacional suspenda el recorte de fondos y refinancie la deuda que tiene la provincia patag\u00f3nica.<\/p>\n\n\n\n<p>\u00abNos encontramos ante una injusta e intransigente posici\u00f3n por parte de la demandada, sumado a una inexistente pol\u00edtica de absorci\u00f3n de consecuencias por parte del Estado Nacional respecto de la Provincia del Chubut llevada a cabo por el descuento autom\u00e1tico de fondo coparticipables\u00bb, dice la resoluci\u00f3n.<\/p>\n\n\n\n<p>Pero la administraci\u00f3n de Javier Milei no se qued\u00f3 quieta y ya analiza la estrategia judicial para dar vuelta la medida. El procurador del Tesoro, Rodolfo Barra y el ministro de Justicia, Mariano C\u00faneo Libarona, eval\u00faan si apelar el fallo ante la C\u00e1mara Federal de Comodoro Rivadavia o pedir un per saltum para que la cuesti\u00f3n sea directamente resuelta por la Corte Suprema.<\/p>\n\n\n\n<p>Para que haya per saltum, la Corte pide que se cumplan tres condiciones: que haya sentencia, que se trate de una cuesti\u00f3n federal y que revista gravedad institucional.<\/p>\n\n\n\n<p>En paralelo resaltan que la sentencia del juez no ordena en el fallo restituir los fondos retenidos, es decir que no le van a devolver a Chubut los 13 mil millones de pesos que ya le sacaron.<\/p>\n\n\n\n<p>Por su parte, y sabiendo que seguramente vendr\u00e1 la apelaci\u00f3n en su contra, el gobernador de Chubut&nbsp; Ignacio Torres dijo que \u00abquisieron matar a una provincia que est\u00e1 lejos para disciplinar al resto\u00bb pero dio por saldado el conflicto. \u00abNo soy casta, quiero gobernar y que no me pisen la cabeza\u00bb, cerr\u00f3.<\/p>\n\n\n\n<p>El primer round de la pelea judicial fue para Chubut. Habr\u00e1 que esperar a ver qu\u00e9 camino elige el Gobierno para dar respuesta.<\/p>\n","protected":false},"excerpt":{"rendered":"<p>El fallo del juez federal de Rawson Hugo Ricardo Sastre, el mismo que ya hab\u00eda<\/p>\n","protected":false},"author":4,"featured_media":4464,"comment_status":"open","ping_status":"open","sticky":false,"template":"","format":"standard","meta":{"om_disable_all_campaigns":false,"_monsterinsights_skip_tracking":false,"_monsterinsights_sitenote_active":false,"_monsterinsights_sitenote_note":"","_monsterinsights_sitenote_category":0},"categories":[6],"tags":[],"aioseo_notices":[],"jetpack_featured_media_url":"https:\/\/defiendase.com\/wp-content\/uploads\/2024\/02\/Diseno-sin-titulo-3-scaled.jpg","post_mailing_queue_ids":[],"_links":{"self":[{"href":"https:\/\/defiendase.com\/index.php\/wp-json\/wp\/v2\/posts\/4463"}],"collection":[{"href":"https:\/\/defiendase.com\/index.php\/wp-json\/wp\/v2\/posts"}],"about":[{"href":"https:\/\/defiendase.com\/index.php\/wp-json\/wp\/v2\/types\/post"}],"author":[{"embeddable":true,"href":"https:\/\/defiendase.com\/index.php\/wp-json\/wp\/v2\/users\/4"}],"replies":[{"embeddable":true,"href":"https:\/\/defiendase.com\/index.php\/wp-json\/wp\/v2\/comments?post=4463"}],"version-history":[{"count":2,"href":"https:\/\/defiendase.com\/index.php\/wp-json\/wp\/v2\/posts\/4463\/revisions"}],"predecessor-version":[{"id":4467,"href":"https:\/\/defiendase.com\/index.php\/wp-json\/wp\/v2\/posts\/4463\/revisions\/4467"}],"wp:featuredmedia":[{"embeddable":true,"href":"https:\/\/defiendase.com\/index.php\/wp-json\/wp\/v2\/media\/4464"}],"wp:attachment":[{"href":"https:\/\/defiendase.com\/index.php\/wp-json\/wp\/v2\/media?parent=4463"}],"wp:term":[{"taxonomy":"category","embeddable":true,"href":"https:\/\/defiendase.com\/index.php\/wp-json\/wp\/v2\/categories?post=4463"},{"taxonomy":"post_tag","embeddable":true,"href":"https:\/\/defiendase.com\/index.php\/wp-json\/wp\/v2\/tags?post=4463"}],"curies":[{"name":"wp","href":"https:\/\/api.w.org\/{rel}","templated":true}]}}