{"id":4458,"date":"2024-02-27T15:38:09","date_gmt":"2024-02-27T18:38:09","guid":{"rendered":"https:\/\/defiendase.com\/?p=4458"},"modified":"2024-02-27T16:17:36","modified_gmt":"2024-02-27T19:17:36","slug":"causa-vialidad-piden-12-anos-para-cristina-kirchner","status":"publish","type":"post","link":"https:\/\/defiendase.com\/index.php\/causa-vialidad-piden-12-anos-para-cristina-kirchner\/","title":{"rendered":"Causa vialidad: Piden 12 a\u00f1os para Cristina Kirchner"},"content":{"rendered":"\n<p>En la audiencia de revisi\u00f3n de la condena contra&nbsp; Cristina Kirchner por corrupci\u00f3n, el fiscal Mario Villar pidi\u00f3 ante la C\u00e1mara de Casaci\u00f3n que se eleve la pena de 6 a\u00f1os al doble, por considerar que la exvicepresidenta no s\u00f3lo cometi\u00f3 un fraude contra el Estado sino que tambi\u00e9n tuvo el rol de jefa de una asociaci\u00f3n il\u00edcita.<\/p>\n\n\n\n<p>Hasta ahora Cristina Kirchner est\u00e1 condenada a 6 a\u00f1os, acusada de redireccionar la obra p\u00fablica de la provincia de Santa Cruz para favorecer al empresario L\u00e1zaro B\u00e1ez. Sin embargo, el fiscal insisti\u00f3 en que no fue el \u00fanico delito que cometi\u00f3. \u00abSe le saca la asociaci\u00f3n il\u00edcita, cuando la escala penal permit\u00eda una pena razonable, esta pena no refleja la gravedad del hecho e incentiva a los funcionarios a cometer delitos\u00bb, sostuvo Villar.<\/p>\n\n\n\n<p>Seg\u00fan el fiscal, el fraude no es un solo delito continuado, sino varios: en total 51 fraudes a trav\u00e9s de la obra p\u00fablica. De acuerdo a lo que expuso ante la C\u00e1mara de Casaci\u00f3n, se trat\u00f3 de una organizaci\u00f3n vertical, con permanencia en el tiempo en la que Cristina era la jefa y Julio de Vido, Jos\u00e9 L\u00f3pez y el&nbsp; extitular de Vialidad Nelson Periotti eran los organizadores que beneficiaban a L\u00e1zaro B\u00e1ez. Los delitos se cometieron a lo largo de las tres administraciones nacionales kirchneristas.<\/p>\n\n\n\n<p>Quedan otras 5 audiencias, en las que tambi\u00e9n tendr\u00e1 oportunidad de exponer la defensa y la decisi\u00f3n final de la C\u00e1mara ser\u00e1 en abril. Ser\u00e1n los jueces Gustavo Hornos, Diego Barroetave\u00f1a y Mariano Borinsky los encargados de definir si aceptan o no duplicar la condena a la exvicepresidenta.<\/p>\n","protected":false},"excerpt":{"rendered":"<p>En la audiencia de revisi\u00f3n de la condena contra&nbsp; Cristina Kirchner por corrupci\u00f3n, el fiscal<\/p>\n","protected":false},"author":4,"featured_media":4460,"comment_status":"open","ping_status":"open","sticky":false,"template":"","format":"standard","meta":{"om_disable_all_campaigns":false,"_monsterinsights_skip_tracking":false,"_monsterinsights_sitenote_active":false,"_monsterinsights_sitenote_note":"","_monsterinsights_sitenote_category":0},"categories":[16],"tags":[],"aioseo_notices":[],"jetpack_featured_media_url":"https:\/\/defiendase.com\/wp-content\/uploads\/2024\/02\/CRISTINA.jpg","post_mailing_queue_ids":[],"_links":{"self":[{"href":"https:\/\/defiendase.com\/index.php\/wp-json\/wp\/v2\/posts\/4458"}],"collection":[{"href":"https:\/\/defiendase.com\/index.php\/wp-json\/wp\/v2\/posts"}],"about":[{"href":"https:\/\/defiendase.com\/index.php\/wp-json\/wp\/v2\/types\/post"}],"author":[{"embeddable":true,"href":"https:\/\/defiendase.com\/index.php\/wp-json\/wp\/v2\/users\/4"}],"replies":[{"embeddable":true,"href":"https:\/\/defiendase.com\/index.php\/wp-json\/wp\/v2\/comments?post=4458"}],"version-history":[{"count":1,"href":"https:\/\/defiendase.com\/index.php\/wp-json\/wp\/v2\/posts\/4458\/revisions"}],"predecessor-version":[{"id":4459,"href":"https:\/\/defiendase.com\/index.php\/wp-json\/wp\/v2\/posts\/4458\/revisions\/4459"}],"wp:featuredmedia":[{"embeddable":true,"href":"https:\/\/defiendase.com\/index.php\/wp-json\/wp\/v2\/media\/4460"}],"wp:attachment":[{"href":"https:\/\/defiendase.com\/index.php\/wp-json\/wp\/v2\/media?parent=4458"}],"wp:term":[{"taxonomy":"category","embeddable":true,"href":"https:\/\/defiendase.com\/index.php\/wp-json\/wp\/v2\/categories?post=4458"},{"taxonomy":"post_tag","embeddable":true,"href":"https:\/\/defiendase.com\/index.php\/wp-json\/wp\/v2\/tags?post=4458"}],"curies":[{"name":"wp","href":"https:\/\/api.w.org\/{rel}","templated":true}]}}