{"id":4455,"date":"2024-02-26T14:48:37","date_gmt":"2024-02-26T17:48:37","guid":{"rendered":"https:\/\/defiendase.com\/?p=4455"},"modified":"2024-02-26T14:48:42","modified_gmt":"2024-02-26T17:48:42","slug":"chubut-va-a-la-justicia-contra-la-nacion","status":"publish","type":"post","link":"https:\/\/defiendase.com\/index.php\/chubut-va-a-la-justicia-contra-la-nacion\/","title":{"rendered":"Chubut va a la Justicia contra la Naci\u00f3n"},"content":{"rendered":"\n<p>\u00abEstamos hartos de la falta de respeto\u00bb, con esa frase el gobernador de Chubut Ignacio Torres adelant\u00f3 que no se baja del conflicto y que ir\u00e1 a la justicia para que la Naci\u00f3n desbloquee la transferencia de los 13.000 millones de pesos en concepto de coparticipaci\u00f3n que le reclama.<\/p>\n\n\n\n<p>En este sentido, el vicegobernador Gustavo Menna sostuvo que el recorte es una suerte de venganza del gobierno de Milei por el fallo judicial que orden\u00f3 mantener los subsidios al transporte en Chubut y adelant\u00f3 que&nbsp; \u00abla provincia ha planteado la opci\u00f3n judicial para que cese la retenci\u00f3n\u201d. En declaraciones a TN Mena explic\u00f3: \u201cel objetivo es que nos devuelvan lo que retuvieron producto de una deuda que tom\u00f3 el gobierno anterior que nos dej\u00f3 un desastre\u00bb.<\/p>\n\n\n\n<p>\u00abLa acci\u00f3n judicial por el pedido de cese est\u00e1 presentada. La cuesti\u00f3n de la denuncia penal est\u00e1 en an\u00e1lisis\u00bb, dijo el vicegobernador pero aclar\u00f3 que \u00abChubut va a hacer todo lo que tenga que hacer porque es due\u00f1a de sus recursos. Ha iniciado acciones judiciales y acciones con el resto de los gobernadores\u00bb. Por \u00faltimo remat\u00f3: \u00abtenemos el respaldo de todos\u00bb.<\/p>\n\n\n\n<p>As\u00ed las cosas el conflicto se encamina a quedar en manos de la Corte Suprema. Chubut ya tuvo un fallo a favor por el recorte de subsidios al transporte, que la justicia orden\u00f3 frenar. Ahora va por los fondos de la coparticipaci\u00f3n en un desaf\u00edo que escal\u00f3 a los primeros planos de la escena pol\u00edtica nacional y amenaza con expandirse.<\/p>\n","protected":false},"excerpt":{"rendered":"<p>\u00abEstamos hartos de la falta de respeto\u00bb, con esa frase el gobernador de Chubut Ignacio<\/p>\n","protected":false},"author":4,"featured_media":4456,"comment_status":"open","ping_status":"open","sticky":false,"template":"","format":"standard","meta":{"om_disable_all_campaigns":false,"_monsterinsights_skip_tracking":false,"_monsterinsights_sitenote_active":false,"_monsterinsights_sitenote_note":"","_monsterinsights_sitenote_category":0},"categories":[16],"tags":[],"aioseo_notices":[],"jetpack_featured_media_url":"https:\/\/defiendase.com\/wp-content\/uploads\/2024\/02\/image-7.png","post_mailing_queue_ids":[],"_links":{"self":[{"href":"https:\/\/defiendase.com\/index.php\/wp-json\/wp\/v2\/posts\/4455"}],"collection":[{"href":"https:\/\/defiendase.com\/index.php\/wp-json\/wp\/v2\/posts"}],"about":[{"href":"https:\/\/defiendase.com\/index.php\/wp-json\/wp\/v2\/types\/post"}],"author":[{"embeddable":true,"href":"https:\/\/defiendase.com\/index.php\/wp-json\/wp\/v2\/users\/4"}],"replies":[{"embeddable":true,"href":"https:\/\/defiendase.com\/index.php\/wp-json\/wp\/v2\/comments?post=4455"}],"version-history":[{"count":1,"href":"https:\/\/defiendase.com\/index.php\/wp-json\/wp\/v2\/posts\/4455\/revisions"}],"predecessor-version":[{"id":4457,"href":"https:\/\/defiendase.com\/index.php\/wp-json\/wp\/v2\/posts\/4455\/revisions\/4457"}],"wp:featuredmedia":[{"embeddable":true,"href":"https:\/\/defiendase.com\/index.php\/wp-json\/wp\/v2\/media\/4456"}],"wp:attachment":[{"href":"https:\/\/defiendase.com\/index.php\/wp-json\/wp\/v2\/media?parent=4455"}],"wp:term":[{"taxonomy":"category","embeddable":true,"href":"https:\/\/defiendase.com\/index.php\/wp-json\/wp\/v2\/categories?post=4455"},{"taxonomy":"post_tag","embeddable":true,"href":"https:\/\/defiendase.com\/index.php\/wp-json\/wp\/v2\/tags?post=4455"}],"curies":[{"name":"wp","href":"https:\/\/api.w.org\/{rel}","templated":true}]}}