{"id":4451,"date":"2024-02-23T14:18:32","date_gmt":"2024-02-23T17:18:32","guid":{"rendered":"https:\/\/defiendase.com\/?p=4451"},"modified":"2024-02-23T14:18:36","modified_gmt":"2024-02-23T17:18:36","slug":"otro-reves-judicial-al-gobierno-esta-vez-por-la-quita-de-subsidios-al-transporte","status":"publish","type":"post","link":"https:\/\/defiendase.com\/index.php\/otro-reves-judicial-al-gobierno-esta-vez-por-la-quita-de-subsidios-al-transporte\/","title":{"rendered":"Otro rev\u00e9s judicial al gobierno, esta vez por la quita de subsidios al transporte"},"content":{"rendered":"\n<p>La justicia le puso otro freno a las iniciativas del Gobierno. En este caso fue por el recorte de subsidios al transporte en Chubut. Tras una presentaci\u00f3n del gobernador Ignacio Torres, el Juzgado Federal de Rawson fall\u00f3 contra lo dispuesto por&nbsp; la Secretaria de Transporte de la Naci\u00f3n y orden\u00f3 suspender la eliminaci\u00f3n del Fondo Compensador del Interior, que provee ayuda del Estado Nacional a las provincias para subsidiar los boletos de colectivo.&nbsp;<\/p>\n\n\n\n<p>La decisi\u00f3n fue del juez Hugo Sastre, que dispuso que el Gobierno le diga girando fondos a Chubut para mantener el transporte p\u00fablico y as\u00ed no verse obligada a subir las tarifas. Seg\u00fan el magistrado la medida de la Naci\u00f3n tiene \u00abun alto impacto\u00bb y \u00abocasion\u00f3 un desequilibrio en las cuentas provinciales\u00bb.<\/p>\n\n\n\n<p>El propio gobernador Torres hab\u00eda aclarado que en diciembre su gobierno ya hab\u00eda incrementado en un 50% los fondos para subsidiar al transporte en la provincia y por eso el juez consider\u00f3 que la decisi\u00f3n del Gobierno Nacional es \u00abinconveniente e intempestiva\u00bb y pone contra las cuerdas a la administraci\u00f3n provincial.<\/p>\n\n\n\n<p>Este fallo puede marcar un precedente y convertirse en el primero de una larga lista, ya que los gobernadores siguen presionando para evitar que recaiga sobre las econom\u00edas de sus administraciones el peso de compensar las tarifas o la decisi\u00f3n de subir el boleto del transporte p\u00fablico.<\/p>\n","protected":false},"excerpt":{"rendered":"<p>La justicia le puso otro freno a las iniciativas del Gobierno. En este caso fue<\/p>\n","protected":false},"author":4,"featured_media":4452,"comment_status":"open","ping_status":"open","sticky":false,"template":"","format":"standard","meta":{"om_disable_all_campaigns":false,"_monsterinsights_skip_tracking":false,"_monsterinsights_sitenote_active":false,"_monsterinsights_sitenote_note":"","_monsterinsights_sitenote_category":0},"categories":[6],"tags":[],"aioseo_notices":[],"jetpack_featured_media_url":"https:\/\/defiendase.com\/wp-content\/uploads\/2024\/02\/chubut.jpg","post_mailing_queue_ids":[],"_links":{"self":[{"href":"https:\/\/defiendase.com\/index.php\/wp-json\/wp\/v2\/posts\/4451"}],"collection":[{"href":"https:\/\/defiendase.com\/index.php\/wp-json\/wp\/v2\/posts"}],"about":[{"href":"https:\/\/defiendase.com\/index.php\/wp-json\/wp\/v2\/types\/post"}],"author":[{"embeddable":true,"href":"https:\/\/defiendase.com\/index.php\/wp-json\/wp\/v2\/users\/4"}],"replies":[{"embeddable":true,"href":"https:\/\/defiendase.com\/index.php\/wp-json\/wp\/v2\/comments?post=4451"}],"version-history":[{"count":1,"href":"https:\/\/defiendase.com\/index.php\/wp-json\/wp\/v2\/posts\/4451\/revisions"}],"predecessor-version":[{"id":4453,"href":"https:\/\/defiendase.com\/index.php\/wp-json\/wp\/v2\/posts\/4451\/revisions\/4453"}],"wp:featuredmedia":[{"embeddable":true,"href":"https:\/\/defiendase.com\/index.php\/wp-json\/wp\/v2\/media\/4452"}],"wp:attachment":[{"href":"https:\/\/defiendase.com\/index.php\/wp-json\/wp\/v2\/media?parent=4451"}],"wp:term":[{"taxonomy":"category","embeddable":true,"href":"https:\/\/defiendase.com\/index.php\/wp-json\/wp\/v2\/categories?post=4451"},{"taxonomy":"post_tag","embeddable":true,"href":"https:\/\/defiendase.com\/index.php\/wp-json\/wp\/v2\/tags?post=4451"}],"curies":[{"name":"wp","href":"https:\/\/api.w.org\/{rel}","templated":true}]}}