{"id":4442,"date":"2024-02-21T12:15:58","date_gmt":"2024-02-21T15:15:58","guid":{"rendered":"https:\/\/defiendase.com\/?p=4442"},"modified":"2024-02-21T12:16:02","modified_gmt":"2024-02-21T15:16:02","slug":"ante-las-demoras-en-la-definicion-salario-minimo-la-cuota-alimentaria-se-ajusta-por-el-indice-de-crianza","status":"publish","type":"post","link":"https:\/\/defiendase.com\/index.php\/ante-las-demoras-en-la-definicion-salario-minimo-la-cuota-alimentaria-se-ajusta-por-el-indice-de-crianza\/","title":{"rendered":"Ante las demoras en la definici\u00f3n salario m\u00ednimo, la cuota alimentaria se ajusta por el \u00edndice de crianza"},"content":{"rendered":"\n<p>En medio de las idas y vueltas por la suba del Salario M\u00ednimo Vital y M\u00f3vil, que despu\u00e9s de muchas dilaciones fue fijado por decreto en 180 mil pesos hace pocas horas,&nbsp; la justicia de R\u00edo Negro resolvi\u00f3 ajustar la cuota alimentraria en base al \u00cdndice de Crianza del Indec, que se actualiza mensualmente y refleja mejor la evoluci\u00f3n del \u00edndice de inflaci\u00f3n.<\/p>\n\n\n\n<p>La decisi\u00f3n fue tomada por un Juzgado de Familia de la ciudad de Viedma. La jueza consider\u00f3 que como el salario m\u00ednimo, que se toma muchas veces para estipular la cuota, no hab\u00eda sido actualizado hasta el momento del fallo por el Gobierno, se pod\u00eda tomar como referencia el \u00edndice de crianza del Indec.<\/p>\n\n\n\n<p>Seg\u00fan el escrito, tomar ese \u00edndice, que es un valor de referencia para saber cu\u00e1nto cuesta alimentar, vestir, garantizar vivienda, trasladar y cuidar a los ni\u00f1os y adolescentes y tiene diferentes valores seg\u00fan las edades de los chicos,&nbsp; \u00abes la mejor soluci\u00f3n y la que resulta mas beneficiosa al inter\u00e9s superior de la ni\u00f1a, dado el contexto actual imperante en el pa\u00eds, el proceso inflacionario existente\u00bb.<\/p>\n\n\n\n<p>Seg\u00fan el fallo, el deudor, que estuvo preso por violencia de g\u00e9nero y no hab\u00eda cumplido con la cuota alimentaria durante 8 a\u00f1os, debe afrontar una obligaci\u00f3n que, a partir del \u00edndice elaborado por el Indec, ascend\u00eda a 242.918 pesos por mes.<\/p>\n","protected":false},"excerpt":{"rendered":"<p>En medio de las idas y vueltas por la suba del Salario M\u00ednimo Vital y<\/p>\n","protected":false},"author":4,"featured_media":4443,"comment_status":"open","ping_status":"open","sticky":false,"template":"","format":"standard","meta":{"om_disable_all_campaigns":false,"_monsterinsights_skip_tracking":false,"_monsterinsights_sitenote_active":false,"_monsterinsights_sitenote_note":"","_monsterinsights_sitenote_category":0},"categories":[252],"tags":[],"aioseo_notices":[],"jetpack_featured_media_url":"https:\/\/defiendase.com\/wp-content\/uploads\/2024\/02\/image-4.png","post_mailing_queue_ids":[],"_links":{"self":[{"href":"https:\/\/defiendase.com\/index.php\/wp-json\/wp\/v2\/posts\/4442"}],"collection":[{"href":"https:\/\/defiendase.com\/index.php\/wp-json\/wp\/v2\/posts"}],"about":[{"href":"https:\/\/defiendase.com\/index.php\/wp-json\/wp\/v2\/types\/post"}],"author":[{"embeddable":true,"href":"https:\/\/defiendase.com\/index.php\/wp-json\/wp\/v2\/users\/4"}],"replies":[{"embeddable":true,"href":"https:\/\/defiendase.com\/index.php\/wp-json\/wp\/v2\/comments?post=4442"}],"version-history":[{"count":1,"href":"https:\/\/defiendase.com\/index.php\/wp-json\/wp\/v2\/posts\/4442\/revisions"}],"predecessor-version":[{"id":4444,"href":"https:\/\/defiendase.com\/index.php\/wp-json\/wp\/v2\/posts\/4442\/revisions\/4444"}],"wp:featuredmedia":[{"embeddable":true,"href":"https:\/\/defiendase.com\/index.php\/wp-json\/wp\/v2\/media\/4443"}],"wp:attachment":[{"href":"https:\/\/defiendase.com\/index.php\/wp-json\/wp\/v2\/media?parent=4442"}],"wp:term":[{"taxonomy":"category","embeddable":true,"href":"https:\/\/defiendase.com\/index.php\/wp-json\/wp\/v2\/categories?post=4442"},{"taxonomy":"post_tag","embeddable":true,"href":"https:\/\/defiendase.com\/index.php\/wp-json\/wp\/v2\/tags?post=4442"}],"curies":[{"name":"wp","href":"https:\/\/api.w.org\/{rel}","templated":true}]}}