{"id":4410,"date":"2024-02-14T10:43:36","date_gmt":"2024-02-14T13:43:36","guid":{"rendered":"https:\/\/defiendase.com\/?p=4410"},"modified":"2024-02-14T10:43:39","modified_gmt":"2024-02-14T13:43:39","slug":"fallo-a-favor-de-una-empleada-por-estres-laboral","status":"publish","type":"post","link":"https:\/\/defiendase.com\/index.php\/fallo-a-favor-de-una-empleada-por-estres-laboral\/","title":{"rendered":"Fallo a favor de una empleada por estr\u00e9s laboral"},"content":{"rendered":"\n<figure class=\"wp-block-image size-full is-resized\"><img loading=\"lazy\" src=\"https:\/\/defiendase.com\/wp-content\/uploads\/2024\/02\/fallo-1-1.png\" alt=\"\" class=\"wp-image-4413\" width=\"673\" height=\"145\" srcset=\"https:\/\/defiendase.com\/wp-content\/uploads\/2024\/02\/fallo-1-1.png 594w, https:\/\/defiendase.com\/wp-content\/uploads\/2024\/02\/fallo-1-1-300x65.png 300w\" sizes=\"(max-width: 673px) 100vw, 673px\" \/><\/figure>\n\n\n\n<p>La sala 2 de la C\u00e1mara provincial de Apelaciones en lo Civil y Comercial de Neuqu\u00e9n le dio la raz\u00f3n a una empleada que demand\u00f3 al banco en el que trabajaba y a la ART por el cuadro de estr\u00e9s laboral que sufri\u00f3 y que la dej\u00f3 en una situaci\u00f3n de invalidez.<\/p>\n\n\n\n<p>La justicia resolvi\u00f3 que tanto el banco como la aseguradora son civilmente responsables por no cumplir con el art\u00edculo 75 de la ley de Contrato de Trabajo y le deben pagar m\u00e1s de 15 millones de pesos por da\u00f1os patrimoniales y no patrimoniales.\u00a0<\/p>\n\n\n\n<p><\/p>\n\n\n\n<p>\u00abLa accionante ingres\u00f3 con 19 a\u00f1os, sana, trabaj\u00f3 intensamente durante nueve a\u00f1os, y a partir de all\u00ed denunci\u00f3 que estaba padeciendo estr\u00e9s laboral, ansiedad, como consecuencia del trabajo, y ante la o las denuncias formuladas en tales t\u00e9rminos, la parte empleadora y la A.R.T. negaron que los padecimientos de orden psicol\u00f3gico que la trabajadora sufr\u00eda revistiesen naturaleza laboral, priv\u00e1ndola as\u00ed de su cobertura en el marco del r\u00e9gimen de riesgos de trabajo, y desplaz\u00e1ndola al esquema de enfermedades inculpables, hasta posicionarla en reserva de puesto, y finalmente jubilarla por invalidez, porque se enferm\u00f3 de tal forma que, con tan solo 33 a\u00f1os, nunca m\u00e1s recuper\u00f3 su capacidad total. He aqu\u00ed, el deber de resarcir civilmente\u00bb, detalla el escrito.<\/p>\n\n\n\n<p>Los jueces Nancy Vielma y Pablo Furlotti consideraron que los problemas de salud de la mujer fueron causados efectivamente por el ambiente laboral en el que se desempe\u00f1aba y por las presiones que recib\u00eda de sus empleadores, a la vez que sostuvieron que \u00abla aseguradora ni siquiera se aperson\u00f3 en el lugar de trabajo para efectuar una evaluaci\u00f3n de la situaci\u00f3n\u00bb.<\/p>\n\n\n\n<p>Por eso fallaron a favor de la demandante y condenaron tanto al Banco Provincia del Neuqu\u00e9n como a la ART Galeno a pagarle 15.434.483 pesos a la mujer.<\/p>\n","protected":false},"excerpt":{"rendered":"<p>La sala 2 de la C\u00e1mara provincial de Apelaciones en lo Civil y Comercial de<\/p>\n","protected":false},"author":4,"featured_media":4411,"comment_status":"open","ping_status":"open","sticky":false,"template":"","format":"standard","meta":{"om_disable_all_campaigns":false,"_monsterinsights_skip_tracking":false,"_monsterinsights_sitenote_active":false,"_monsterinsights_sitenote_note":"","_monsterinsights_sitenote_category":0},"categories":[8],"tags":[],"aioseo_notices":[],"jetpack_featured_media_url":"https:\/\/defiendase.com\/wp-content\/uploads\/2024\/02\/Sindrome-de-Burnout.webp","post_mailing_queue_ids":[],"_links":{"self":[{"href":"https:\/\/defiendase.com\/index.php\/wp-json\/wp\/v2\/posts\/4410"}],"collection":[{"href":"https:\/\/defiendase.com\/index.php\/wp-json\/wp\/v2\/posts"}],"about":[{"href":"https:\/\/defiendase.com\/index.php\/wp-json\/wp\/v2\/types\/post"}],"author":[{"embeddable":true,"href":"https:\/\/defiendase.com\/index.php\/wp-json\/wp\/v2\/users\/4"}],"replies":[{"embeddable":true,"href":"https:\/\/defiendase.com\/index.php\/wp-json\/wp\/v2\/comments?post=4410"}],"version-history":[{"count":1,"href":"https:\/\/defiendase.com\/index.php\/wp-json\/wp\/v2\/posts\/4410\/revisions"}],"predecessor-version":[{"id":4414,"href":"https:\/\/defiendase.com\/index.php\/wp-json\/wp\/v2\/posts\/4410\/revisions\/4414"}],"wp:featuredmedia":[{"embeddable":true,"href":"https:\/\/defiendase.com\/index.php\/wp-json\/wp\/v2\/media\/4411"}],"wp:attachment":[{"href":"https:\/\/defiendase.com\/index.php\/wp-json\/wp\/v2\/media?parent=4410"}],"wp:term":[{"taxonomy":"category","embeddable":true,"href":"https:\/\/defiendase.com\/index.php\/wp-json\/wp\/v2\/categories?post=4410"},{"taxonomy":"post_tag","embeddable":true,"href":"https:\/\/defiendase.com\/index.php\/wp-json\/wp\/v2\/tags?post=4410"}],"curies":[{"name":"wp","href":"https:\/\/api.w.org\/{rel}","templated":true}]}}