{"id":4349,"date":"2024-01-25T14:18:54","date_gmt":"2024-01-25T17:18:54","guid":{"rendered":"https:\/\/defiendase.com\/?p=4349"},"modified":"2024-01-25T14:18:57","modified_gmt":"2024-01-25T17:18:57","slug":"una-cautelar-frena-los-aumentos-de-transporte-en-amba","status":"publish","type":"post","link":"https:\/\/defiendase.com\/index.php\/una-cautelar-frena-los-aumentos-de-transporte-en-amba\/","title":{"rendered":"Una cautelar frena los aumentos de transporte en AMBA"},"content":{"rendered":"\n<p>Tras un pedido del intendente de Esteban Echeverr\u00eda, Fernando Gray, la justicia de Lomas de Zamora dict\u00f3 una medida cautelar que suspende la convocatoria a una audiencia p\u00fablica para definir las nuevas tarifas de transporte p\u00fablico.<\/p>\n\n\n\n<p>Seg\u00fan el juez Ernesto Kreplak, no est\u00e1 garantizada la participaci\u00f3n ciudadana en la consulta popular y por esa raz\u00f3n le dio al Ejecutivo 5 d\u00edas h\u00e1biles a partir del 1 de febrero para que adecue el procedimiento. El Gobierno hab\u00eda anunciado que quienes quisieran participar del debate pod\u00edan dejar sus comentarios en el sitio web Mi Argentina.<\/p>\n\n\n\n<p>En una entrevista televisiva, Gray calific\u00f3 de \u201ctruchada absoluta\u201d el proceso de consulta por la web.\u201cEs un chat donde opin\u00e1s escuetamente sobre esto que pasa y con eso dan por cumplida la audiencia y pasan directamente al aumento\u201d, denunci\u00f3.<\/p>\n\n\n\n<p>La Justicia le dio la raz\u00f3n al intendente y explic\u00f3 que as\u00ed como est\u00e1 planteada la consulta, el incremento de tarifas viola las garant\u00edas constitucionales.<\/p>\n\n\n\n<p>El Gobierno anunci\u00f3 que quiere llevar el boleto m\u00ednimo de colectivo de $76,92&nbsp; a $270 en febrero. Los tramos m\u00e1s largos, que van entre 3 y 6 kil\u00f3metros se pagar\u00eda $300 y para los viajes que excedan los 6 kil\u00f3metros la tarifa pasar\u00eda a ser de $323,95. Esto implica un incremento de m\u00e1s del 250% en la tarifa de transporte p\u00fablico.<\/p>\n\n\n\n<p>En el caso de los trenes, el boleto m\u00ednimo costar\u00eda $130&nbsp; y para los tramos m\u00e1s largos la tarifa variar\u00eda entre los 169 y los 208 pesos.<\/p>\n","protected":false},"excerpt":{"rendered":"<p>Tras un pedido del intendente de Esteban Echeverr\u00eda, Fernando Gray, la justicia de Lomas de<\/p>\n","protected":false},"author":4,"featured_media":4350,"comment_status":"open","ping_status":"open","sticky":false,"template":"","format":"standard","meta":{"om_disable_all_campaigns":false,"_monsterinsights_skip_tracking":false,"_monsterinsights_sitenote_active":false,"_monsterinsights_sitenote_note":"","_monsterinsights_sitenote_category":0},"categories":[6],"tags":[],"aioseo_notices":[],"jetpack_featured_media_url":"https:\/\/defiendase.com\/wp-content\/uploads\/2024\/01\/WhatsApp-Image-2024-01-25-at-12.02.36.jpeg","post_mailing_queue_ids":[],"_links":{"self":[{"href":"https:\/\/defiendase.com\/index.php\/wp-json\/wp\/v2\/posts\/4349"}],"collection":[{"href":"https:\/\/defiendase.com\/index.php\/wp-json\/wp\/v2\/posts"}],"about":[{"href":"https:\/\/defiendase.com\/index.php\/wp-json\/wp\/v2\/types\/post"}],"author":[{"embeddable":true,"href":"https:\/\/defiendase.com\/index.php\/wp-json\/wp\/v2\/users\/4"}],"replies":[{"embeddable":true,"href":"https:\/\/defiendase.com\/index.php\/wp-json\/wp\/v2\/comments?post=4349"}],"version-history":[{"count":1,"href":"https:\/\/defiendase.com\/index.php\/wp-json\/wp\/v2\/posts\/4349\/revisions"}],"predecessor-version":[{"id":4351,"href":"https:\/\/defiendase.com\/index.php\/wp-json\/wp\/v2\/posts\/4349\/revisions\/4351"}],"wp:featuredmedia":[{"embeddable":true,"href":"https:\/\/defiendase.com\/index.php\/wp-json\/wp\/v2\/media\/4350"}],"wp:attachment":[{"href":"https:\/\/defiendase.com\/index.php\/wp-json\/wp\/v2\/media?parent=4349"}],"wp:term":[{"taxonomy":"category","embeddable":true,"href":"https:\/\/defiendase.com\/index.php\/wp-json\/wp\/v2\/categories?post=4349"},{"taxonomy":"post_tag","embeddable":true,"href":"https:\/\/defiendase.com\/index.php\/wp-json\/wp\/v2\/tags?post=4349"}],"curies":[{"name":"wp","href":"https:\/\/api.w.org\/{rel}","templated":true}]}}