{"id":4334,"date":"2024-01-19T13:59:09","date_gmt":"2024-01-19T16:59:09","guid":{"rendered":"https:\/\/defiendase.com\/?p=4334"},"modified":"2024-01-19T13:59:13","modified_gmt":"2024-01-19T16:59:13","slug":"la-corte-analizara-la-causa-contra-las-reformas-laborales-en-el-dnu-de-milei","status":"publish","type":"post","link":"https:\/\/defiendase.com\/index.php\/la-corte-analizara-la-causa-contra-las-reformas-laborales-en-el-dnu-de-milei\/","title":{"rendered":"La Corte analizar\u00e1 la causa contra las reformas laborales en el DNU de Milei"},"content":{"rendered":"\n<p>Finalmente, como especulaban los voceros del Gobierno, ser\u00e1 la Corte Suprema la que decida sobre el mega DNU que se present\u00f3 en diciembre o al menos sobre una parte de \u00e9l.<\/p>\n\n\n\n<p>La C\u00e1mara Nacional del Trabajo accedi\u00f3 a un recurso extraordinario que presentaron los abogados del Ejecutivo para que sea el M\u00e1ximo Tribunal el que decida sobre la constitucionalidad o no de las reformas de las leyes laborales objetadas por la CGT y la CTA.<\/p>\n\n\n\n<p>Hasta ahora una cautelar dictada por ese mismo tribunal laboral suspendi\u00f3 la aplicaci\u00f3n de esos cambios que, entre otras cosas, extienden el per\u00edodo de prueba en los trabajos a 8 meses, limitan las indemnizaciones y consideran a los bloqueos o las tomas de establecimientos como causales de despido.<\/p>\n\n\n\n<p>Ahora ser\u00e1 la Corte, que regresar\u00e1 a sus funciones el lunes 29 tras la feria, la que deba analizar esa parte del DNU.<\/p>\n\n\n\n<p>La C\u00e1mara hizo lugar a la apelaci\u00f3n del Gobierno con efecto \u201cdevolutivo\u201d, lo que implica que hasta que se conozca el fallo del M\u00e1ximo Tribunal, los cambios en materia de trabajo que contiene el decreto seguir\u00e1n suspendidos.<\/p>\n\n\n\n<p>Por otro lado, mientras espera la definici\u00f3n de la justicia y negocia para que el DNU sea avalado por alguna de las dos C\u00e1maras del Congreso, el Ejecutivo ya advirti\u00f3 que le descontar\u00e1 el d\u00eda a los trabajadores estatales que adhieran al paro general convocado por la CGT para el pr\u00f3ximo 24 de enero.<\/p>\n","protected":false},"excerpt":{"rendered":"<p>Finalmente, como especulaban los voceros del Gobierno, ser\u00e1 la Corte Suprema la que decida sobre<\/p>\n","protected":false},"author":4,"featured_media":4335,"comment_status":"open","ping_status":"open","sticky":false,"template":"","format":"standard","meta":{"om_disable_all_campaigns":false,"_monsterinsights_skip_tracking":false,"_monsterinsights_sitenote_active":false,"_monsterinsights_sitenote_note":"","_monsterinsights_sitenote_category":0},"categories":[16],"tags":[],"aioseo_notices":[],"jetpack_featured_media_url":"https:\/\/defiendase.com\/wp-content\/uploads\/2024\/01\/WhatsApp-Image-2024-01-19-at-13.48.58.jpeg","post_mailing_queue_ids":[],"_links":{"self":[{"href":"https:\/\/defiendase.com\/index.php\/wp-json\/wp\/v2\/posts\/4334"}],"collection":[{"href":"https:\/\/defiendase.com\/index.php\/wp-json\/wp\/v2\/posts"}],"about":[{"href":"https:\/\/defiendase.com\/index.php\/wp-json\/wp\/v2\/types\/post"}],"author":[{"embeddable":true,"href":"https:\/\/defiendase.com\/index.php\/wp-json\/wp\/v2\/users\/4"}],"replies":[{"embeddable":true,"href":"https:\/\/defiendase.com\/index.php\/wp-json\/wp\/v2\/comments?post=4334"}],"version-history":[{"count":1,"href":"https:\/\/defiendase.com\/index.php\/wp-json\/wp\/v2\/posts\/4334\/revisions"}],"predecessor-version":[{"id":4336,"href":"https:\/\/defiendase.com\/index.php\/wp-json\/wp\/v2\/posts\/4334\/revisions\/4336"}],"wp:featuredmedia":[{"embeddable":true,"href":"https:\/\/defiendase.com\/index.php\/wp-json\/wp\/v2\/media\/4335"}],"wp:attachment":[{"href":"https:\/\/defiendase.com\/index.php\/wp-json\/wp\/v2\/media?parent=4334"}],"wp:term":[{"taxonomy":"category","embeddable":true,"href":"https:\/\/defiendase.com\/index.php\/wp-json\/wp\/v2\/categories?post=4334"},{"taxonomy":"post_tag","embeddable":true,"href":"https:\/\/defiendase.com\/index.php\/wp-json\/wp\/v2\/tags?post=4334"}],"curies":[{"name":"wp","href":"https:\/\/api.w.org\/{rel}","templated":true}]}}