{"id":4317,"date":"2024-01-09T14:58:26","date_gmt":"2024-01-09T17:58:26","guid":{"rendered":"https:\/\/defiendase.com\/?p=4317"},"modified":"2024-01-09T14:58:29","modified_gmt":"2024-01-09T17:58:29","slug":"la-batalla-judicial-por-el-dnu-ahora-el-gobierno-apelo-la-decision-del-juez-que-levanto-la-feria","status":"publish","type":"post","link":"https:\/\/defiendase.com\/index.php\/la-batalla-judicial-por-el-dnu-ahora-el-gobierno-apelo-la-decision-del-juez-que-levanto-la-feria\/","title":{"rendered":"La batalla judicial por el DNU: ahora el gobierno apel\u00f3 la decisi\u00f3n del juez que levant\u00f3 la feria"},"content":{"rendered":"\n<p>El Gobierno nacional apel\u00f3 el fallo del juez del fuero Contencioso Administrativo Enrique Lavie Pico, que hab\u00eda habilitado la feria para tratar el DNU y hab\u00eda rechazado el amparo colectivo, permitiendo que las distintas presentaciones contra el decreto sean tratadas por separado en diversos juzgados y aumentando considerablemente la posibilidad de que sea declarado inconstitucional.<\/p>\n\n\n\n<p>Seg\u00fan la presentaci\u00f3n de los abogados de la Procuraci\u00f3n del Tesoro, el juez de feria obr\u00f3 \u201cpor fuera de los l\u00edmites de su jurisdicci\u00f3n, generando un estado de inseguridad jur\u00eddica que afecta el derecho de defensa\u201d.<\/p>\n\n\n\n<p>El texto agrega que la decisi\u00f3n de Lavie Pico \u201cproduce efectos grav\u00edsimos para la defensa del Estado Nacional en tanto produce una multiplicaci\u00f3n de litigios con riesgo de tener sentencias contradictorias\u201d.<\/p>\n\n\n\n<p>Adem\u00e1s la apelaci\u00f3n vuelve a pedir que se declare incompetente el fuero laboral que ya emiti\u00f3 dos cautelares contra la parte del DNU que aborda las reformas en el plano del trabajo.<\/p>\n\n\n\n<p>Ahora es la C\u00e1mara en lo Contencioso Administrativo la que debe definir sobre esta presentaci\u00f3n pero en el Gobierno saben que todos los caminos conducen a la Corte Suprema, que ya anticip\u00f3 que hasta el final de la feria no abordar\u00e1 el tema.<\/p>\n","protected":false},"excerpt":{"rendered":"<p>El Gobierno nacional apel\u00f3 el fallo del juez del fuero Contencioso Administrativo Enrique Lavie Pico,<\/p>\n","protected":false},"author":4,"featured_media":4318,"comment_status":"open","ping_status":"open","sticky":false,"template":"","format":"standard","meta":{"om_disable_all_campaigns":false,"_monsterinsights_skip_tracking":false,"_monsterinsights_sitenote_active":false,"_monsterinsights_sitenote_note":"","_monsterinsights_sitenote_category":0},"categories":[16],"tags":[],"aioseo_notices":[],"jetpack_featured_media_url":"https:\/\/defiendase.com\/wp-content\/uploads\/2024\/01\/Imagen-de-WhatsApp-2024-01-09-a-las-13.10.09_38744710.jpg","post_mailing_queue_ids":[],"_links":{"self":[{"href":"https:\/\/defiendase.com\/index.php\/wp-json\/wp\/v2\/posts\/4317"}],"collection":[{"href":"https:\/\/defiendase.com\/index.php\/wp-json\/wp\/v2\/posts"}],"about":[{"href":"https:\/\/defiendase.com\/index.php\/wp-json\/wp\/v2\/types\/post"}],"author":[{"embeddable":true,"href":"https:\/\/defiendase.com\/index.php\/wp-json\/wp\/v2\/users\/4"}],"replies":[{"embeddable":true,"href":"https:\/\/defiendase.com\/index.php\/wp-json\/wp\/v2\/comments?post=4317"}],"version-history":[{"count":1,"href":"https:\/\/defiendase.com\/index.php\/wp-json\/wp\/v2\/posts\/4317\/revisions"}],"predecessor-version":[{"id":4319,"href":"https:\/\/defiendase.com\/index.php\/wp-json\/wp\/v2\/posts\/4317\/revisions\/4319"}],"wp:featuredmedia":[{"embeddable":true,"href":"https:\/\/defiendase.com\/index.php\/wp-json\/wp\/v2\/media\/4318"}],"wp:attachment":[{"href":"https:\/\/defiendase.com\/index.php\/wp-json\/wp\/v2\/media?parent=4317"}],"wp:term":[{"taxonomy":"category","embeddable":true,"href":"https:\/\/defiendase.com\/index.php\/wp-json\/wp\/v2\/categories?post=4317"},{"taxonomy":"post_tag","embeddable":true,"href":"https:\/\/defiendase.com\/index.php\/wp-json\/wp\/v2\/tags?post=4317"}],"curies":[{"name":"wp","href":"https:\/\/api.w.org\/{rel}","templated":true}]}}