{"id":4287,"date":"2023-12-27T15:38:42","date_gmt":"2023-12-27T18:38:42","guid":{"rendered":"https:\/\/defiendase.com\/?p=4287"},"modified":"2023-12-27T15:38:45","modified_gmt":"2023-12-27T18:38:45","slug":"la-provincia-de-buenos-aires-se-presento-en-la-justicia-para-frenar-el-dnu","status":"publish","type":"post","link":"https:\/\/defiendase.com\/index.php\/la-provincia-de-buenos-aires-se-presento-en-la-justicia-para-frenar-el-dnu\/","title":{"rendered":"La Provincia de Buenos Aires se present\u00f3 en la justicia para frenar el DNU"},"content":{"rendered":"\n<p>El Defensor del Pueblo bonaerense, Guido Lorenzino, hizo una presentaci\u00f3n ante la justicia de La Plata para impugnar el decreto 70\/2023 en la que plantea su inconstitucionalidad y pide que se ordene una protecci\u00f3n cautelar inmediata que suspenda los efectos de los anuncios presidenciales contenidos en el DNU que entra en vigencia este viernes.<\/p>\n\n\n\n<p>En el texto Lorenzino denuncia que el decreto se dict\u00f3 con el objetivo de eludir la participaci\u00f3n del Congreso en el debate de las reformas que se quieren impulsar y que, por esta raz\u00f3n, viola la divisi\u00f3n de poderes y el orden democr\u00e1tico. Adem\u00e1s, afirma que va en contra de la Constituci\u00f3n porque se dict\u00f3 para modificar cuestiones permanentes y que no justifica que exista una urgencia que requiera la derogaci\u00f3n simult\u00e1nea de tantas leyes.<\/p>\n\n\n\n<p>El escrito es en representaci\u00f3n de los habitantes de toda la provincia y por esa raz\u00f3n Lorenzino exigi\u00f3 que se trate por separado y no se junte con otros reclamos contra el DNU.&nbsp; La presentaci\u00f3n recay\u00f3 en el juzgado del juez federal Alberto Recondo. Si el magistrado resuelve dictar una cautelar, el decreto quedar\u00e1 suspendido hasta que el Congreso se pronuncie.<\/p>\n\n\n\n<figure class=\"wp-block-image size-full\"><img loading=\"lazy\" width=\"591\" height=\"232\" src=\"https:\/\/defiendase.com\/wp-content\/uploads\/2023\/12\/lorenzino.png\" alt=\"\" class=\"wp-image-4288\" srcset=\"https:\/\/defiendase.com\/wp-content\/uploads\/2023\/12\/lorenzino.png 591w, https:\/\/defiendase.com\/wp-content\/uploads\/2023\/12\/lorenzino-300x118.png 300w\" sizes=\"(max-width: 591px) 100vw, 591px\" \/><\/figure>\n\n\n\n<p>En la introducci\u00f3n de la presentaci\u00f3n, el Defensor del Pueblo explica que su funci\u00f3n es velar por los derechos de los ciudadanos que habitan el territorio provincial y hacer que se cumpla la Constituci\u00f3n Nacional y en ese sentido sostiene que el DNU \u00abes manifiestamente inconstitucional porque el Poder Ejecutivo usurp\u00f3 atribuciones por fuera de las causas expresa y restrictivamente enumeradas por la Constituci\u00f3n\u00bb.<\/p>\n\n\n\n<p>Para Lorenzino el DNU comete una falta de adecuaci\u00f3n a las reglas y principios fijados por la Carta Magna y \u00abla inconstitucionalidad resulta patente, evidente o manifiesta\u00bb .<\/p>\n\n\n\n<p>\u00abEl Poder Ejecutivo as\u00ed, por mandato celestial o divino, se constituye en una super-legislatura unipersonal\u00bb, concluye la denuncia.<\/p>\n\n\n\n<p>Con este, ya son 11 los amparos que se presentaron en la Justicia contra el DNU. Y mientras Milei presiona a los diputados y senadores y amenaza con llamar a un plebiscito si el Congreso no apoya sus medidas, los tribunales ya empiezan a ponerse en marcha.&nbsp;<\/p>\n","protected":false},"excerpt":{"rendered":"<p>El Defensor del Pueblo bonaerense, Guido Lorenzino, hizo una presentaci\u00f3n ante la justicia de La<\/p>\n","protected":false},"author":4,"featured_media":4289,"comment_status":"open","ping_status":"open","sticky":false,"template":"","format":"standard","meta":{"om_disable_all_campaigns":false,"_monsterinsights_skip_tracking":false,"_monsterinsights_sitenote_active":false,"_monsterinsights_sitenote_note":"","_monsterinsights_sitenote_category":0},"categories":[16],"tags":[],"aioseo_notices":[],"jetpack_featured_media_url":"https:\/\/defiendase.com\/wp-content\/uploads\/2023\/12\/lorenzino-foto.jpg","post_mailing_queue_ids":[],"_links":{"self":[{"href":"https:\/\/defiendase.com\/index.php\/wp-json\/wp\/v2\/posts\/4287"}],"collection":[{"href":"https:\/\/defiendase.com\/index.php\/wp-json\/wp\/v2\/posts"}],"about":[{"href":"https:\/\/defiendase.com\/index.php\/wp-json\/wp\/v2\/types\/post"}],"author":[{"embeddable":true,"href":"https:\/\/defiendase.com\/index.php\/wp-json\/wp\/v2\/users\/4"}],"replies":[{"embeddable":true,"href":"https:\/\/defiendase.com\/index.php\/wp-json\/wp\/v2\/comments?post=4287"}],"version-history":[{"count":1,"href":"https:\/\/defiendase.com\/index.php\/wp-json\/wp\/v2\/posts\/4287\/revisions"}],"predecessor-version":[{"id":4290,"href":"https:\/\/defiendase.com\/index.php\/wp-json\/wp\/v2\/posts\/4287\/revisions\/4290"}],"wp:featuredmedia":[{"embeddable":true,"href":"https:\/\/defiendase.com\/index.php\/wp-json\/wp\/v2\/media\/4289"}],"wp:attachment":[{"href":"https:\/\/defiendase.com\/index.php\/wp-json\/wp\/v2\/media?parent=4287"}],"wp:term":[{"taxonomy":"category","embeddable":true,"href":"https:\/\/defiendase.com\/index.php\/wp-json\/wp\/v2\/categories?post=4287"},{"taxonomy":"post_tag","embeddable":true,"href":"https:\/\/defiendase.com\/index.php\/wp-json\/wp\/v2\/tags?post=4287"}],"curies":[{"name":"wp","href":"https:\/\/api.w.org\/{rel}","templated":true}]}}