{"id":4279,"date":"2023-12-26T15:02:59","date_gmt":"2023-12-26T18:02:59","guid":{"rendered":"https:\/\/defiendase.com\/?p=4279"},"modified":"2023-12-26T15:03:02","modified_gmt":"2023-12-26T18:03:02","slug":"como-seran-los-alquileres-a-partir-del-nuevo-dnu","status":"publish","type":"post","link":"https:\/\/defiendase.com\/index.php\/como-seran-los-alquileres-a-partir-del-nuevo-dnu\/","title":{"rendered":"C\u00f3mo ser\u00e1n los alquileres a partir del nuevo DNU"},"content":{"rendered":"\n<p>La derogaci\u00f3n de la ley de alquileres trajo en principio una mezcla de alivio e incertidumbre tanto a propietarios como a inquilinos. Lo que busca el gobierno es eliminar las reglas que pautaban la confecci\u00f3n de los contratos y fomentar la libertad de las partes para llegar a acuerdos privados.<\/p>\n\n\n\n<p>Seg\u00fan los defensores del DNU de Milei, esto no hace m\u00e1s que incorporar formalmente en los contratos pr\u00e1cticas que ya se daban en el mercado informal y persigue el objetivo de llegar con el tiempo a una autorregulaci\u00f3n del mercado.<\/p>\n\n\n\n<p>En concreto las modificaciones a partir de que el DNU entre en vigencia este jueves ser\u00e1n las siguientes:<\/p>\n\n\n\n<blockquote class=\"wp-block-quote\"><p><strong>D\u00d3LARES O PESOS<\/strong><\/p><\/blockquote>\n\n\n\n<p>Las partes podr\u00e1n pactar el contrato en la moneda que quieran: puede ser en pesos, en d\u00f3lares o en euros. Desde el mercado creen que algunas propiedades de alto valor ubicadas en zonas residenciales podr\u00edan alquilarse en d\u00f3lares pero que la mayor\u00eda lo seguir\u00e1 haciendo en pesos por la dificultad que representa para los inquilinos afrontar obligaciones mensuales en moneda extranjera.&nbsp;<\/p>\n\n\n\n<blockquote class=\"wp-block-quote\"><p><strong>DURACI\u00d3N DE CONTRATOS<\/strong><\/p><\/blockquote>\n\n\n\n<p>Los contratos volver\u00e1n a ser de dos a\u00f1os y no de tres. Esto busca atraer a los propietarios que sacaron sus viviendas de alquiler por considerar que tres a\u00f1os para volver a negociar los contratos era un plazo muy largo. Adem\u00e1s la periodicidad del pago no podr\u00e1 ser inferior a un mes pero puede ser acordada en plazos mayores y las garant\u00edas podr\u00e1n ser pactadas libremente entre ambas partes.<\/p>\n\n\n\n<p>Otro dato no menor es que desde ahora ambas partes podr\u00e1n rescindir el contrato sin causa, aunque el inquilino tendr\u00e1 que pagar una multa mientras que el propietario solo tiene que avisar con anticipaci\u00f3n.<\/p>\n\n\n\n<blockquote class=\"wp-block-quote\"><p><strong>AJUSTES<\/strong><\/p><\/blockquote>\n\n\n\n<p>Los plazos de ajuste de los alquileres tambi\u00e9n se enmarcan dentro de la libertad contractual. Los especialistas del sector descartan que sean mensuales y creen que ser\u00e1 de modo semestral o a lo sumo trimestral si la inflaci\u00f3n sigue muy acelerada.<\/p>\n\n\n\n<p>Con estas modificaciones, el gobierno espera que haya una mayor oferta de departamentos en alquiler y que eso haga que los precios bajen. A menos que la Comisi\u00f3n Bicameral del Congreso lo rechace, el DNU entrar\u00e1 en vigencia en las pr\u00f3ximas horas y desde el sector inmobiliario se aventuran a vaticinar que en febrero el mercado puede volver a la din\u00e1mica que ten\u00eda antes de que la ley, considerada por todas las partes muy mala, lo frenara.<\/p>\n","protected":false},"excerpt":{"rendered":"<p>La derogaci\u00f3n de la ley de alquileres trajo en principio una mezcla de alivio e<\/p>\n","protected":false},"author":4,"featured_media":4281,"comment_status":"open","ping_status":"open","sticky":false,"template":"","format":"standard","meta":{"om_disable_all_campaigns":false,"_monsterinsights_skip_tracking":false,"_monsterinsights_sitenote_active":false,"_monsterinsights_sitenote_note":"","_monsterinsights_sitenote_category":0},"categories":[251,5],"tags":[],"aioseo_notices":[],"jetpack_featured_media_url":"https:\/\/defiendase.com\/wp-content\/uploads\/2023\/12\/image-4.png","post_mailing_queue_ids":[],"_links":{"self":[{"href":"https:\/\/defiendase.com\/index.php\/wp-json\/wp\/v2\/posts\/4279"}],"collection":[{"href":"https:\/\/defiendase.com\/index.php\/wp-json\/wp\/v2\/posts"}],"about":[{"href":"https:\/\/defiendase.com\/index.php\/wp-json\/wp\/v2\/types\/post"}],"author":[{"embeddable":true,"href":"https:\/\/defiendase.com\/index.php\/wp-json\/wp\/v2\/users\/4"}],"replies":[{"embeddable":true,"href":"https:\/\/defiendase.com\/index.php\/wp-json\/wp\/v2\/comments?post=4279"}],"version-history":[{"count":1,"href":"https:\/\/defiendase.com\/index.php\/wp-json\/wp\/v2\/posts\/4279\/revisions"}],"predecessor-version":[{"id":4282,"href":"https:\/\/defiendase.com\/index.php\/wp-json\/wp\/v2\/posts\/4279\/revisions\/4282"}],"wp:featuredmedia":[{"embeddable":true,"href":"https:\/\/defiendase.com\/index.php\/wp-json\/wp\/v2\/media\/4281"}],"wp:attachment":[{"href":"https:\/\/defiendase.com\/index.php\/wp-json\/wp\/v2\/media?parent=4279"}],"wp:term":[{"taxonomy":"category","embeddable":true,"href":"https:\/\/defiendase.com\/index.php\/wp-json\/wp\/v2\/categories?post=4279"},{"taxonomy":"post_tag","embeddable":true,"href":"https:\/\/defiendase.com\/index.php\/wp-json\/wp\/v2\/tags?post=4279"}],"curies":[{"name":"wp","href":"https:\/\/api.w.org\/{rel}","templated":true}]}}