{"id":4274,"date":"2023-12-25T12:10:17","date_gmt":"2023-12-25T15:10:17","guid":{"rendered":"https:\/\/defiendase.com\/?p=4274"},"modified":"2023-12-25T12:10:19","modified_gmt":"2023-12-25T15:10:19","slug":"absolvieron-a-la-jueza-que-le-dio-la-tenencia-de-lucio-dupuy-a-su-madre-que-lo-termino-matando","status":"publish","type":"post","link":"https:\/\/defiendase.com\/index.php\/absolvieron-a-la-jueza-que-le-dio-la-tenencia-de-lucio-dupuy-a-su-madre-que-lo-termino-matando\/","title":{"rendered":"Absolvieron a la jueza que le dio la tenencia de Lucio Dupuy a su madre, que lo termin\u00f3 matando"},"content":{"rendered":"\n<p>Sorpresa en La Pampa. El jury de enjuiciamiento absolvi\u00f3 y restituy\u00f3 a la jueza de familia Ana Clara P\u00e9rez Ballester y la asesora Elisa Cat\u00e1n, responsables de darle la tenencia de Lucio Dupuy a su madre, que termin\u00f3 asesin\u00e1ndolo.<\/p>\n\n\n\n<p>Ambas estaban acusadas de \u00abincumplimiento de los deberes inherentes al cargo\u00bb y de \u00abincompetencia o negligencia reiterada\u00bb. El informe del Procurador General las se\u00f1alaba por no haber escuchado la voluntad de Lucio y por no haber realizado un informe socioambiental de su madre y su entorno. Tambi\u00e9n se las apuntaba por no haber hecho un seguimiento de la vida del nene cuando pas\u00f3 a vivir con su mam\u00e1 y su pareja, al punto de desconocer que se hab\u00edan mudado de ciudad.&nbsp;<\/p>\n\n\n\n<p>Sin embargo, el tribunal integrado por el titular del Superior Tribunal de Justicia, &nbsp;Fabricio Luis Losi, por las abogadas Silvina Garro y Natalia Gaccio y por las diputadas Mar\u00eda Andrea Valderrama Calvo y Mar\u00eda Silvia Larreta consider\u00f3 que ni la jueza ni la asesora de menores actuaron con negligencia.<\/p>\n\n\n\n<p>\u00abSi los familiares directos de Lucio no pudieron detectar o advertir situaciones de violencia, ni le manifestaron nada a su propia abogada cuando concurrieron a su estudio a firmar el acuerdo, ni tampoco a la mediadora prejudicial en el Centro P\u00fablico de Mediaci\u00f3n, \u00bfc\u00f3mo podemos exigirle a dos funcionarias judiciales que lo advirtieran de la sola lectura de los expedientes?\u00bb, se pregunta el fallo.&nbsp;<\/p>\n\n\n\n<p>Adem\u00e1s, el tribunal agrega que \u00abla escucha del menor no es regla absoluta y menos a\u00fan en la edad que ten\u00eda Lucio\u00bb y sostiene que no es algo habitual escuchar a un ni\u00f1o \u00abcuando no hay indicadores de violencia o conflictividad\u00bb.<\/p>\n\n\n\n<p>Para el jury, \u00ablos cuestionamientos quedaron reducidos a materias opinables. Y si la materia es opinable no hay responsabilidad de los funcionarios judiciales\u00bb.<\/p>\n\n\n\n<p>Con esto, concluyeron que \u00abno hay acreditado un nexo causal entre el crimen de Lucio y las conductas de las acusadas\u00bb.<\/p>\n\n\n\n<p>Lucio Dupuy fue asesinado por su madre y su pareja cuando ten\u00eda 5 a\u00f1os. Ambas fueron condenadas a prisi\u00f3n perpetua por el homicidio y tambi\u00e9n por haber abusado sexualmente del ni\u00f1o. Sin embargo, para la Justicia, la jueza que lo entreg\u00f3 apenas un a\u00f1o antes no tiene ninguna culpa.&nbsp;<\/p>\n","protected":false},"excerpt":{"rendered":"<p>Sorpresa en La Pampa. El jury de enjuiciamiento absolvi\u00f3 y restituy\u00f3 a la jueza de<\/p>\n","protected":false},"author":4,"featured_media":4245,"comment_status":"open","ping_status":"open","sticky":false,"template":"","format":"standard","meta":{"om_disable_all_campaigns":false,"_monsterinsights_skip_tracking":false,"_monsterinsights_sitenote_active":false,"_monsterinsights_sitenote_note":"","_monsterinsights_sitenote_category":0},"categories":[9],"tags":[],"aioseo_notices":[],"jetpack_featured_media_url":"https:\/\/defiendase.com\/wp-content\/uploads\/2023\/12\/image-2.png","post_mailing_queue_ids":[],"_links":{"self":[{"href":"https:\/\/defiendase.com\/index.php\/wp-json\/wp\/v2\/posts\/4274"}],"collection":[{"href":"https:\/\/defiendase.com\/index.php\/wp-json\/wp\/v2\/posts"}],"about":[{"href":"https:\/\/defiendase.com\/index.php\/wp-json\/wp\/v2\/types\/post"}],"author":[{"embeddable":true,"href":"https:\/\/defiendase.com\/index.php\/wp-json\/wp\/v2\/users\/4"}],"replies":[{"embeddable":true,"href":"https:\/\/defiendase.com\/index.php\/wp-json\/wp\/v2\/comments?post=4274"}],"version-history":[{"count":1,"href":"https:\/\/defiendase.com\/index.php\/wp-json\/wp\/v2\/posts\/4274\/revisions"}],"predecessor-version":[{"id":4276,"href":"https:\/\/defiendase.com\/index.php\/wp-json\/wp\/v2\/posts\/4274\/revisions\/4276"}],"wp:featuredmedia":[{"embeddable":true,"href":"https:\/\/defiendase.com\/index.php\/wp-json\/wp\/v2\/media\/4245"}],"wp:attachment":[{"href":"https:\/\/defiendase.com\/index.php\/wp-json\/wp\/v2\/media?parent=4274"}],"wp:term":[{"taxonomy":"category","embeddable":true,"href":"https:\/\/defiendase.com\/index.php\/wp-json\/wp\/v2\/categories?post=4274"},{"taxonomy":"post_tag","embeddable":true,"href":"https:\/\/defiendase.com\/index.php\/wp-json\/wp\/v2\/tags?post=4274"}],"curies":[{"name":"wp","href":"https:\/\/api.w.org\/{rel}","templated":true}]}}