{"id":4224,"date":"2023-12-11T14:52:54","date_gmt":"2023-12-11T17:52:54","guid":{"rendered":"https:\/\/defiendase.com\/?p=4224"},"modified":"2023-12-14T17:40:57","modified_gmt":"2023-12-14T20:40:57","slug":"revisaran-todos-los-pliegos-pendientes-para-jueces-un-tercio-de-los-puestos-sigue-vacante","status":"publish","type":"post","link":"https:\/\/defiendase.com\/index.php\/revisaran-todos-los-pliegos-pendientes-para-jueces-un-tercio-de-los-puestos-sigue-vacante\/","title":{"rendered":"Revisar\u00e1n todos los pliegos pendientes para jueces: un tercio de los puestos sigue vacante"},"content":{"rendered":"\n<p>El flamante ministro de Justicia Mariano C\u00faneo Libarona adelant\u00f3 que va a retirar del Senado todos los pliegos de postulantes para jueces que fueron enviados por el gobierno de Alberto Fern\u00e1ndez para revisarlos uno por uno.<\/p>\n\n\n\n<p>En un encuentro con representantes de la Asociaci\u00f3n de Magistrados y Funcionarios de Justicia de la Naci\u00f3n, el nuevo ministro dijo que se va a designar a jueces \u00abprobos e independientes\u00bb y aclar\u00f3 que buscar\u00e1n acuerdos con Juntos por el Cambio y con parte del peronismo para lograr el apoyo necesario en el Congreso.<\/p>\n\n\n\n<p>Desde la Asociaci\u00f3n de Magistrados le plantearon con preocupaci\u00f3n que est\u00e1 vacante el 28% de los cargos de jueces nacionales y federales en el pa\u00eds. Y subrayaron que la necesidad de cubrir esos puestos es clave y uno de los principales desaf\u00edos del Poder Judicial.<\/p>\n\n\n\n<p>Las vacantes en todo el pa\u00eds son aproximadamente 250. Faltan jueces en todas las instancias en ciudades importantes como Mar del Plata, Bariloche, General Roca, Posadas, Formosa y Jujuy e incluso en tribunales clave como Comodoro Py, donde hay 4 juzgados de primera instancia sin titulares designados.<\/p>\n\n\n\n<p>El funcionamiento del sistema con un tercio de jueces suplentes provoca demoras en los tr\u00e1mites y las causas porque muchas veces un magistrado tiene que estar en dos o tres juzgados a la vez. C\u00faneo Libarona prometi\u00f3 agilidad y transparencia. Hay expectativa en el \u00e1mbito judicial. Habr\u00e1 que ver si el Consejo de la Magistratura y el Congreso ayudan a la nueva gesti\u00f3n a hacer una justicia m\u00e1s eficiente.<\/p>\n","protected":false},"excerpt":{"rendered":"<p>El flamante ministro de Justicia Mariano C\u00faneo Libarona adelant\u00f3 que va a retirar del Senado<\/p>\n","protected":false},"author":4,"featured_media":4225,"comment_status":"open","ping_status":"open","sticky":false,"template":"","format":"standard","meta":{"om_disable_all_campaigns":false,"_monsterinsights_skip_tracking":false,"_monsterinsights_sitenote_active":false,"_monsterinsights_sitenote_note":"","_monsterinsights_sitenote_category":0},"categories":[9],"tags":[],"aioseo_notices":[],"jetpack_featured_media_url":"https:\/\/defiendase.com\/wp-content\/uploads\/2023\/12\/cuneo.jfif_.jpg","post_mailing_queue_ids":[],"_links":{"self":[{"href":"https:\/\/defiendase.com\/index.php\/wp-json\/wp\/v2\/posts\/4224"}],"collection":[{"href":"https:\/\/defiendase.com\/index.php\/wp-json\/wp\/v2\/posts"}],"about":[{"href":"https:\/\/defiendase.com\/index.php\/wp-json\/wp\/v2\/types\/post"}],"author":[{"embeddable":true,"href":"https:\/\/defiendase.com\/index.php\/wp-json\/wp\/v2\/users\/4"}],"replies":[{"embeddable":true,"href":"https:\/\/defiendase.com\/index.php\/wp-json\/wp\/v2\/comments?post=4224"}],"version-history":[{"count":1,"href":"https:\/\/defiendase.com\/index.php\/wp-json\/wp\/v2\/posts\/4224\/revisions"}],"predecessor-version":[{"id":4226,"href":"https:\/\/defiendase.com\/index.php\/wp-json\/wp\/v2\/posts\/4224\/revisions\/4226"}],"wp:featuredmedia":[{"embeddable":true,"href":"https:\/\/defiendase.com\/index.php\/wp-json\/wp\/v2\/media\/4225"}],"wp:attachment":[{"href":"https:\/\/defiendase.com\/index.php\/wp-json\/wp\/v2\/media?parent=4224"}],"wp:term":[{"taxonomy":"category","embeddable":true,"href":"https:\/\/defiendase.com\/index.php\/wp-json\/wp\/v2\/categories?post=4224"},{"taxonomy":"post_tag","embeddable":true,"href":"https:\/\/defiendase.com\/index.php\/wp-json\/wp\/v2\/tags?post=4224"}],"curies":[{"name":"wp","href":"https:\/\/api.w.org\/{rel}","templated":true}]}}